
{"id":10629,"date":"2010-08-06T06:20:34","date_gmt":"2010-08-06T05:20:34","guid":{"rendered":"http:\/\/adamczewscy.pl\/?p=2935"},"modified":"2010-08-06T06:20:34","modified_gmt":"2010-08-06T05:20:34","slug":"mini-serniczki-z-lodowki","status":"publish","type":"post","link":"https:\/\/blog.polityka.pl\/adamczewski\/2010\/08\/06\/mini-serniczki-z-lodowki\/","title":{"rendered":"Mini-serniczki z lod\u00f3wki"},"content":{"rendered":"<p><em>2 opakowania homogenizowanego serka waniliowego, 3 \u0142y\u017ceczki \u017celatyny wieprzowej, 2 \u0142y\u017cki cukru (mo\u017cna u\u017cy\u0107 br\u0105zowy), brzoskwinia \u015bwie\u017ca lub z puszki do przybrania, \u0142y\u017ceczka \u015bwie\u017cej oliwy<\/em><\/p>\n<p>1. \u017belatyn\u0119 z cukrem rozpu\u015bci\u0107 w  po\u0142owie szklanki gor\u0105cej wody, starannie wymiesza\u0107 i ostudzi\u0107.<br \/>\n2. Foremki do babeczek lub do suflet\u00f3w posmarowa\u0107 odrobin\u0105 oliwy.<br \/>\n3. Serek wymiesza\u0107 z \u017celatyn\u0105, ponak\u0142ada\u0107 do przygotowanych foremek i wstawi\u0107 do lod\u00f3wki na 3 godziny.<br \/>\n4. Na kilka sekund zanurza\u0107 foremki w gor\u0105cej wodzie po czym wyjmowa\u0107 mini -serniczki, przybiera\u0107 plasterkiem brzoskwini lub dowolnego ulubionego owocu. <\/p>\n","protected":false},"excerpt":{"rendered":"<p>2 opakowania homogenizowanego serka waniliowego, 3 \u0142y\u017ceczki \u017celatyny wieprzowej, 2 \u0142y\u017cki cukru (mo\u017cna u\u017cy\u0107 br\u0105zowy), brzoskwinia \u015bwie\u017ca lub z puszki do przybrania, \u0142y\u017ceczka \u015bwie\u017cej oliwy 1. \u017belatyn\u0119 z cukrem rozpu\u015bci\u0107 w po\u0142owie szklanki gor\u0105cej wody, starannie wymiesza\u0107 i ostudzi\u0107. 2. Foremki do babeczek lub do suflet\u00f3w posmarowa\u0107 odrobin\u0105 oliwy. 3. Serek wymiesza\u0107 z \u017celatyn\u0105, ponak\u0142ada\u0107 [&hellip;]<\/p>\n","protected":false},"author":2,"featured_media":0,"comment_status":"open","ping_status":"open","sticky":false,"template":"","format":"standard","meta":{"footnotes":""},"categories":[1],"tags":[],"_links":{"self":[{"href":"https:\/\/blog.polityka.pl\/adamczewski\/wp-json\/wp\/v2\/posts\/10629"}],"collection":[{"href":"https:\/\/blog.polityka.pl\/adamczewski\/wp-json\/wp\/v2\/posts"}],"about":[{"href":"https:\/\/blog.polityka.pl\/adamczewski\/wp-json\/wp\/v2\/types\/post"}],"author":[{"embeddable":true,"href":"https:\/\/blog.polityka.pl\/adamczewski\/wp-json\/wp\/v2\/users\/2"}],"replies":[{"embeddable":true,"href":"https:\/\/blog.polityka.pl\/adamczewski\/wp-json\/wp\/v2\/comments?post=10629"}],"version-history":[{"count":0,"href":"https:\/\/blog.polityka.pl\/adamczewski\/wp-json\/wp\/v2\/posts\/10629\/revisions"}],"wp:attachment":[{"href":"https:\/\/blog.polityka.pl\/adamczewski\/wp-json\/wp\/v2\/media?parent=10629"}],"wp:term":[{"taxonomy":"category","embeddable":true,"href":"https:\/\/blog.polityka.pl\/adamczewski\/wp-json\/wp\/v2\/categories?post=10629"},{"taxonomy":"post_tag","embeddable":true,"href":"https:\/\/blog.polityka.pl\/adamczewski\/wp-json\/wp\/v2\/tags?post=10629"}],"curies":[{"name":"wp","href":"https:\/\/api.w.org\/{rel}","templated":true}]}}