
{"id":10630,"date":"2010-08-06T06:21:05","date_gmt":"2010-08-06T05:21:05","guid":{"rendered":"http:\/\/adamczewscy.pl\/?p=2936"},"modified":"2010-08-06T06:21:05","modified_gmt":"2010-08-06T05:21:05","slug":"makaron-z-ekspresowym-sosem","status":"publish","type":"post","link":"https:\/\/blog.polityka.pl\/adamczewski\/2010\/08\/06\/makaron-z-ekspresowym-sosem\/","title":{"rendered":"Makaron z ekspresowym sosem"},"content":{"rendered":"<p><em>Opakowanie makaronu ? kr\u00f3tkie rurki?, 2 czerwone cebule, 2 \u0142y\u017cki br\u0105zowego cukru, 3 \u0142y\u017cki octu balsamicznego z Modeny, szklanka pomidor\u00f3w suszonych w oliwie, p\u00f3l str\u0105ka ostrej papryczki dla amator\u00f3w, opakowanie fety, najlepiej chudej, 2 \u0142y\u017cki ods\u0105czonych kapar\u00f3w, 4 \u0142y\u017cki oleju, s\u00f3l, pieprz<\/em><\/p>\n<p>1. Na patelni rozgrza\u0107 olej, doda\u0107 pokrojone w pi\u00f3rka cebule i podsma\u017ca\u0107 a\u017c stan\u0105 si\u0119 szkliste, doda\u0107 br\u0105zowy cukier i ocet balsamiczny, gotowa\u0107 wszystko mieszaj\u0105c, doda\u0107 ods\u0105czone mo\u017cliwie dok\u0142adnie pomidory i jeszcze chwil\u0119 podgrzewa\u0107.  Amatorzy mog\u0105 doda\u0107 do sosu posiekan\u0105 ostr\u0105 papryczk\u0119.<br \/>\n2. Fet\u0119 pokroi\u0107 w kostk\u0119.<br \/>\n2. Ugotowa\u0107 makaron, odcedzi\u0107, po\u0142\u0105czy\u0107 z sosem, wymiesza\u0107, doprawi\u0107 sol\u0105 i pieprzem, doda\u0107 kostki fety, ostro\u017cnie wymiesza\u0107.<br \/>\n3. Przed podaniem makaron posypa\u0107 ods\u0105czonymi kaparami. <\/p>\n","protected":false},"excerpt":{"rendered":"<p>Opakowanie makaronu ? kr\u00f3tkie rurki?, 2 czerwone cebule, 2 \u0142y\u017cki br\u0105zowego cukru, 3 \u0142y\u017cki octu balsamicznego z Modeny, szklanka pomidor\u00f3w suszonych w oliwie, p\u00f3l str\u0105ka ostrej papryczki dla amator\u00f3w, opakowanie fety, najlepiej chudej, 2 \u0142y\u017cki ods\u0105czonych kapar\u00f3w, 4 \u0142y\u017cki oleju, s\u00f3l, pieprz 1. Na patelni rozgrza\u0107 olej, doda\u0107 pokrojone w pi\u00f3rka cebule i podsma\u017ca\u0107 a\u017c [&hellip;]<\/p>\n","protected":false},"author":2,"featured_media":0,"comment_status":"open","ping_status":"open","sticky":false,"template":"","format":"standard","meta":{"footnotes":""},"categories":[1],"tags":[],"_links":{"self":[{"href":"https:\/\/blog.polityka.pl\/adamczewski\/wp-json\/wp\/v2\/posts\/10630"}],"collection":[{"href":"https:\/\/blog.polityka.pl\/adamczewski\/wp-json\/wp\/v2\/posts"}],"about":[{"href":"https:\/\/blog.polityka.pl\/adamczewski\/wp-json\/wp\/v2\/types\/post"}],"author":[{"embeddable":true,"href":"https:\/\/blog.polityka.pl\/adamczewski\/wp-json\/wp\/v2\/users\/2"}],"replies":[{"embeddable":true,"href":"https:\/\/blog.polityka.pl\/adamczewski\/wp-json\/wp\/v2\/comments?post=10630"}],"version-history":[{"count":0,"href":"https:\/\/blog.polityka.pl\/adamczewski\/wp-json\/wp\/v2\/posts\/10630\/revisions"}],"wp:attachment":[{"href":"https:\/\/blog.polityka.pl\/adamczewski\/wp-json\/wp\/v2\/media?parent=10630"}],"wp:term":[{"taxonomy":"category","embeddable":true,"href":"https:\/\/blog.polityka.pl\/adamczewski\/wp-json\/wp\/v2\/categories?post=10630"},{"taxonomy":"post_tag","embeddable":true,"href":"https:\/\/blog.polityka.pl\/adamczewski\/wp-json\/wp\/v2\/tags?post=10630"}],"curies":[{"name":"wp","href":"https:\/\/api.w.org\/{rel}","templated":true}]}}