
{"id":10631,"date":"2010-08-06T06:21:30","date_gmt":"2010-08-06T05:21:30","guid":{"rendered":"http:\/\/adamczewscy.pl\/?p=2937"},"modified":"2010-08-06T06:21:30","modified_gmt":"2010-08-06T05:21:30","slug":"krem-kalafiorowy-z-cheddarem","status":"publish","type":"post","link":"https:\/\/blog.polityka.pl\/adamczewski\/2010\/08\/06\/krem-kalafiorowy-z-cheddarem\/","title":{"rendered":"Krem kalafiorowy z cheddarem"},"content":{"rendered":"<p><em>Niedu\u017cy kalafior, 3 ziemniaki, dymka, \u0142y\u017cka mas\u0142a, \u0142y\u017cka oliwy z oliwek, szklanka mleka, 3 szklanki bulionu drobiowego z kostki, szklanka startego sera cheddar<\/em><\/p>\n<p>1. Kalafior podzieli\u0107 na ma\u0142e cz\u0105stki, ziemniaki obra\u0107 i pokroi\u0107, dymk\u0119 posieka\u0107.<br \/>\n2. W garnku rozgrza\u0107 mas\u0142o z oliw\u0105,  doda\u0107 rozdrobnione warzywa, chwil\u0119 sma\u017cy\u0107, po czym doda\u0107 bulion i mleko. Gotowa\u0107 oko\u0142o 30 minut, po czym dok\u0142adnie zmiksowa\u0107.<br \/>\n3. Do zmiksowanej zupy doda\u0107 starty ser i miesza\u0107 a\u017c si\u0119 rozpu\u015bci.<br \/>\nZup\u0119 podawa\u0107 od razu, gor\u0105c\u0105, z dodatkiem grzanek. <\/p>\n","protected":false},"excerpt":{"rendered":"<p>Niedu\u017cy kalafior, 3 ziemniaki, dymka, \u0142y\u017cka mas\u0142a, \u0142y\u017cka oliwy z oliwek, szklanka mleka, 3 szklanki bulionu drobiowego z kostki, szklanka startego sera cheddar 1. Kalafior podzieli\u0107 na ma\u0142e cz\u0105stki, ziemniaki obra\u0107 i pokroi\u0107, dymk\u0119 posieka\u0107. 2. W garnku rozgrza\u0107 mas\u0142o z oliw\u0105, doda\u0107 rozdrobnione warzywa, chwil\u0119 sma\u017cy\u0107, po czym doda\u0107 bulion i mleko. Gotowa\u0107 oko\u0142o [&hellip;]<\/p>\n","protected":false},"author":2,"featured_media":0,"comment_status":"open","ping_status":"open","sticky":false,"template":"","format":"standard","meta":{"footnotes":""},"categories":[1],"tags":[],"_links":{"self":[{"href":"https:\/\/blog.polityka.pl\/adamczewski\/wp-json\/wp\/v2\/posts\/10631"}],"collection":[{"href":"https:\/\/blog.polityka.pl\/adamczewski\/wp-json\/wp\/v2\/posts"}],"about":[{"href":"https:\/\/blog.polityka.pl\/adamczewski\/wp-json\/wp\/v2\/types\/post"}],"author":[{"embeddable":true,"href":"https:\/\/blog.polityka.pl\/adamczewski\/wp-json\/wp\/v2\/users\/2"}],"replies":[{"embeddable":true,"href":"https:\/\/blog.polityka.pl\/adamczewski\/wp-json\/wp\/v2\/comments?post=10631"}],"version-history":[{"count":0,"href":"https:\/\/blog.polityka.pl\/adamczewski\/wp-json\/wp\/v2\/posts\/10631\/revisions"}],"wp:attachment":[{"href":"https:\/\/blog.polityka.pl\/adamczewski\/wp-json\/wp\/v2\/media?parent=10631"}],"wp:term":[{"taxonomy":"category","embeddable":true,"href":"https:\/\/blog.polityka.pl\/adamczewski\/wp-json\/wp\/v2\/categories?post=10631"},{"taxonomy":"post_tag","embeddable":true,"href":"https:\/\/blog.polityka.pl\/adamczewski\/wp-json\/wp\/v2\/tags?post=10631"}],"curies":[{"name":"wp","href":"https:\/\/api.w.org\/{rel}","templated":true}]}}