
{"id":10632,"date":"2010-08-06T06:22:00","date_gmt":"2010-08-06T05:22:00","guid":{"rendered":"http:\/\/adamczewscy.pl\/?p=2938"},"modified":"2010-08-06T06:22:00","modified_gmt":"2010-08-06T05:22:00","slug":"kotlety-rybno-serowe","status":"publish","type":"post","link":"https:\/\/blog.polityka.pl\/adamczewski\/2010\/08\/06\/kotlety-rybno-serowe\/","title":{"rendered":"Kotlety rybno-serowe"},"content":{"rendered":"<p><em>70 dag filet\u00f3w z pangi, 5 \u0142y\u017cek tartej bu\u0142ki, niedu\u017ca cebula, 3 \u0142y\u017cki soku z cytryny, szklanka startego \u017c\u00f3\u0142tego sera, 3 \u0142y\u017cki posiekanej zielonej pietruszki, 2 \u0142y\u017cki posiekanego koperku, jajko, 3 \u0142y\u017cki tartej bu\u0142ki do obtaczania kotlet\u00f3w, p\u00f3l szklanki oleju do sma\u017cenia<\/em><\/p>\n<p>1. Zmieli\u0107 ryb\u0119 w maszynce do mi\u0119sa, doda\u0107 tart\u0105 bu\u0142k\u0119, jaja, starty ser, posiekan\u0105 cebul\u0119 oraz nieco soli. Wyrobi\u0107 mas\u0119.<br \/>\n2. Z masy formowa\u0107 niewielkie owalne kotlety, pouk\u0142ada\u0107 na talerzu i wstawi\u0107 do lod\u00f3wki na p\u00f3\u0142 godziny.<br \/>\n3. Po wyj\u0119ciu z lod\u00f3wki obtoczy\u0107  kotlety w tartej bu\u0142ce, usma\u017cy\u0107 na rozgrzanym oleju.<br \/>\nPodawa\u0107 z odrobin\u0105 majonezu kapni\u0119tego na ka\u017cdy kotlet. <\/p>\n","protected":false},"excerpt":{"rendered":"<p>70 dag filet\u00f3w z pangi, 5 \u0142y\u017cek tartej bu\u0142ki, niedu\u017ca cebula, 3 \u0142y\u017cki soku z cytryny, szklanka startego \u017c\u00f3\u0142tego sera, 3 \u0142y\u017cki posiekanej zielonej pietruszki, 2 \u0142y\u017cki posiekanego koperku, jajko, 3 \u0142y\u017cki tartej bu\u0142ki do obtaczania kotlet\u00f3w, p\u00f3l szklanki oleju do sma\u017cenia 1. Zmieli\u0107 ryb\u0119 w maszynce do mi\u0119sa, doda\u0107 tart\u0105 bu\u0142k\u0119, jaja, starty ser, [&hellip;]<\/p>\n","protected":false},"author":2,"featured_media":0,"comment_status":"open","ping_status":"open","sticky":false,"template":"","format":"standard","meta":{"footnotes":""},"categories":[1],"tags":[],"_links":{"self":[{"href":"https:\/\/blog.polityka.pl\/adamczewski\/wp-json\/wp\/v2\/posts\/10632"}],"collection":[{"href":"https:\/\/blog.polityka.pl\/adamczewski\/wp-json\/wp\/v2\/posts"}],"about":[{"href":"https:\/\/blog.polityka.pl\/adamczewski\/wp-json\/wp\/v2\/types\/post"}],"author":[{"embeddable":true,"href":"https:\/\/blog.polityka.pl\/adamczewski\/wp-json\/wp\/v2\/users\/2"}],"replies":[{"embeddable":true,"href":"https:\/\/blog.polityka.pl\/adamczewski\/wp-json\/wp\/v2\/comments?post=10632"}],"version-history":[{"count":0,"href":"https:\/\/blog.polityka.pl\/adamczewski\/wp-json\/wp\/v2\/posts\/10632\/revisions"}],"wp:attachment":[{"href":"https:\/\/blog.polityka.pl\/adamczewski\/wp-json\/wp\/v2\/media?parent=10632"}],"wp:term":[{"taxonomy":"category","embeddable":true,"href":"https:\/\/blog.polityka.pl\/adamczewski\/wp-json\/wp\/v2\/categories?post=10632"},{"taxonomy":"post_tag","embeddable":true,"href":"https:\/\/blog.polityka.pl\/adamczewski\/wp-json\/wp\/v2\/tags?post=10632"}],"curies":[{"name":"wp","href":"https:\/\/api.w.org\/{rel}","templated":true}]}}