
{"id":10633,"date":"2010-08-06T06:22:28","date_gmt":"2010-08-06T05:22:28","guid":{"rendered":"http:\/\/adamczewscy.pl\/?p=2939"},"modified":"2010-08-06T06:22:28","modified_gmt":"2010-08-06T05:22:28","slug":"indyczy-filet-nadziewany-kozim-serem","status":"publish","type":"post","link":"https:\/\/blog.polityka.pl\/adamczewski\/2010\/08\/06\/indyczy-filet-nadziewany-kozim-serem\/","title":{"rendered":"Indyczy filet nadziewany kozim serem"},"content":{"rendered":"<p><em>Spory filet indyczy, wagi oko\u0142o 1 kg, 25 dag sera koziego- rolady, 2 \u0142y\u017cki \u015bwie\u017cego posiekanego tymianku, 10 plasterk\u00f3w chudego w\u0119dzonego boczku, \u015brednia cukinia, 30 dag koktajlowych pomidork\u00f3w, 3 \u0142y\u017cki oliwy, s\u00f3l, pieprz<\/em><\/p>\n<p>1. Mi\u0119so umy\u0107, przekroi\u0107 w taki spos\u00f3b, aby powsta\u0142a kiesze\u0144 do nadziewania, lekko posypa\u0107 sol\u0105 i pieprzem.<br \/>\n2. Kozi\u0105 rolad\u0119 pokroi\u0107 w plasterki.<br \/>\n3. Plasterki rolady koziej powk\u0142ada\u0107 do zrobionej w mi\u0119sie kieszeni i owin\u0105\u0107 mi\u0119so plasterkami boczku, kt\u00f3re przypi\u0105\u0107 wyka\u0142aczkami, aby kiesze\u0144 si\u0119 nie rozchyli\u0142a.<br \/>\n4. Dno naczynia do pieczenia posmarowa\u0107 obficie oliw\u0105, u\u0142o\u017cy\u0107  mi\u0119so, woko\u0142o pouk\u0142ada\u0107 pokrojon\u0105 w du\u017ce kostki cukini\u0119. Posypa\u0107 wierzch pieczeni siekanym tymiankiem. Piec 30 minut w temperaturze 180 st C, po czym do\u0142o\u017cy\u0107 pomidorki i piec dalsze 25 -30minut.<br \/>\nPodawa\u0107 piecze\u0144 z dodatkiem ziemniak\u00f3w z wody<\/p>\n","protected":false},"excerpt":{"rendered":"<p>Spory filet indyczy, wagi oko\u0142o 1 kg, 25 dag sera koziego- rolady, 2 \u0142y\u017cki \u015bwie\u017cego posiekanego tymianku, 10 plasterk\u00f3w chudego w\u0119dzonego boczku, \u015brednia cukinia, 30 dag koktajlowych pomidork\u00f3w, 3 \u0142y\u017cki oliwy, s\u00f3l, pieprz 1. Mi\u0119so umy\u0107, przekroi\u0107 w taki spos\u00f3b, aby powsta\u0142a kiesze\u0144 do nadziewania, lekko posypa\u0107 sol\u0105 i pieprzem. 2. Kozi\u0105 rolad\u0119 pokroi\u0107 w [&hellip;]<\/p>\n","protected":false},"author":2,"featured_media":0,"comment_status":"open","ping_status":"open","sticky":false,"template":"","format":"standard","meta":{"footnotes":""},"categories":[1],"tags":[],"_links":{"self":[{"href":"https:\/\/blog.polityka.pl\/adamczewski\/wp-json\/wp\/v2\/posts\/10633"}],"collection":[{"href":"https:\/\/blog.polityka.pl\/adamczewski\/wp-json\/wp\/v2\/posts"}],"about":[{"href":"https:\/\/blog.polityka.pl\/adamczewski\/wp-json\/wp\/v2\/types\/post"}],"author":[{"embeddable":true,"href":"https:\/\/blog.polityka.pl\/adamczewski\/wp-json\/wp\/v2\/users\/2"}],"replies":[{"embeddable":true,"href":"https:\/\/blog.polityka.pl\/adamczewski\/wp-json\/wp\/v2\/comments?post=10633"}],"version-history":[{"count":0,"href":"https:\/\/blog.polityka.pl\/adamczewski\/wp-json\/wp\/v2\/posts\/10633\/revisions"}],"wp:attachment":[{"href":"https:\/\/blog.polityka.pl\/adamczewski\/wp-json\/wp\/v2\/media?parent=10633"}],"wp:term":[{"taxonomy":"category","embeddable":true,"href":"https:\/\/blog.polityka.pl\/adamczewski\/wp-json\/wp\/v2\/categories?post=10633"},{"taxonomy":"post_tag","embeddable":true,"href":"https:\/\/blog.polityka.pl\/adamczewski\/wp-json\/wp\/v2\/tags?post=10633"}],"curies":[{"name":"wp","href":"https:\/\/api.w.org\/{rel}","templated":true}]}}