
{"id":10634,"date":"2010-08-06T06:22:57","date_gmt":"2010-08-06T05:22:57","guid":{"rendered":"http:\/\/adamczewscy.pl\/?p=2940"},"modified":"2010-08-06T06:22:57","modified_gmt":"2010-08-06T05:22:57","slug":"kalarepka-faszerowana","status":"publish","type":"post","link":"https:\/\/blog.polityka.pl\/adamczewski\/2010\/08\/06\/kalarepka-faszerowana\/","title":{"rendered":"Kalarepka faszerowana"},"content":{"rendered":"<p><em>4 spore kalarepki, 20 dag ma\u0142ych pieczarek, du\u017ca marchew, \u017c\u00f3\u0142ta papryka, dymka wraz ze szczypiorem, 2 \u0142y\u017cki mas\u0142a, szklanka startego \u017c\u00f3\u0142tego sera, s\u00f3l, pieprz, oregano do smaku<\/em><\/p>\n<p>1. Kalarepki umy\u0107, zala\u0107 wrz\u0105c\u0105 woda i gotowa\u0107 ok. 15 minut, os\u0105czy\u0107 kalarepki,  lekko och\u0142odzi\u0107, odci\u0105\u0107 wierzchy na ok. 2 cm poni\u017cej wierzcho\u0142ka, wydr\u0105\u017cy\u0107 wn\u0119trze \u0142y\u017ceczk\u0105 deserow\u0105 lub \u0142y\u017ceczk\u0105 do wycinania kulek ziemniaczanych, pozostawiaj\u0105c centymetrowe \u015bcianki.<br \/>\n2. Przygotowa\u0107 farsz: rozgrza\u0107 mas\u0142o, doda\u0107 posiekane pieczarki, po chwili sma\u017cenia doda\u0107 start\u0105 na tarce jarzynowej marchew a po dalszej chwili papryk\u0119 pokrojon\u0105 w kostk\u0119 oraz posiekana dymk\u0119. Sma\u017cy\u0107 wszystko razem 2 minuty doprawiaj\u0105c pieprzem sola i oregano.<br \/>\n3. Tak przygotowanym farszem nadziewa\u0107 wydr\u0105\u017cone kalarepki, posypa\u0107 obficie startym serem i w nagrzanym do 180 st. C piekarniku piec co najmniej 5 minut albo do czasu, kiedy ser zupe\u0142nie si\u0119 rozpu\u015bci. <\/p>\n","protected":false},"excerpt":{"rendered":"<p>4 spore kalarepki, 20 dag ma\u0142ych pieczarek, du\u017ca marchew, \u017c\u00f3\u0142ta papryka, dymka wraz ze szczypiorem, 2 \u0142y\u017cki mas\u0142a, szklanka startego \u017c\u00f3\u0142tego sera, s\u00f3l, pieprz, oregano do smaku 1. Kalarepki umy\u0107, zala\u0107 wrz\u0105c\u0105 woda i gotowa\u0107 ok. 15 minut, os\u0105czy\u0107 kalarepki, lekko och\u0142odzi\u0107, odci\u0105\u0107 wierzchy na ok. 2 cm poni\u017cej wierzcho\u0142ka, wydr\u0105\u017cy\u0107 wn\u0119trze \u0142y\u017ceczk\u0105 deserow\u0105 lub [&hellip;]<\/p>\n","protected":false},"author":2,"featured_media":0,"comment_status":"open","ping_status":"open","sticky":false,"template":"","format":"standard","meta":{"footnotes":""},"categories":[1],"tags":[],"_links":{"self":[{"href":"https:\/\/blog.polityka.pl\/adamczewski\/wp-json\/wp\/v2\/posts\/10634"}],"collection":[{"href":"https:\/\/blog.polityka.pl\/adamczewski\/wp-json\/wp\/v2\/posts"}],"about":[{"href":"https:\/\/blog.polityka.pl\/adamczewski\/wp-json\/wp\/v2\/types\/post"}],"author":[{"embeddable":true,"href":"https:\/\/blog.polityka.pl\/adamczewski\/wp-json\/wp\/v2\/users\/2"}],"replies":[{"embeddable":true,"href":"https:\/\/blog.polityka.pl\/adamczewski\/wp-json\/wp\/v2\/comments?post=10634"}],"version-history":[{"count":0,"href":"https:\/\/blog.polityka.pl\/adamczewski\/wp-json\/wp\/v2\/posts\/10634\/revisions"}],"wp:attachment":[{"href":"https:\/\/blog.polityka.pl\/adamczewski\/wp-json\/wp\/v2\/media?parent=10634"}],"wp:term":[{"taxonomy":"category","embeddable":true,"href":"https:\/\/blog.polityka.pl\/adamczewski\/wp-json\/wp\/v2\/categories?post=10634"},{"taxonomy":"post_tag","embeddable":true,"href":"https:\/\/blog.polityka.pl\/adamczewski\/wp-json\/wp\/v2\/tags?post=10634"}],"curies":[{"name":"wp","href":"https:\/\/api.w.org\/{rel}","templated":true}]}}