
{"id":10635,"date":"2010-08-13T06:54:19","date_gmt":"2010-08-13T05:54:19","guid":{"rendered":"http:\/\/adamczewscy.pl\/?p=2942"},"modified":"2010-08-13T06:54:19","modified_gmt":"2010-08-13T05:54:19","slug":"sos-szpinakowy-z-feta","status":"publish","type":"post","link":"https:\/\/blog.polityka.pl\/adamczewski\/2010\/08\/13\/sos-szpinakowy-z-feta\/","title":{"rendered":"Sos szpinakowy z fet\u0105"},"content":{"rendered":"<p><em>50 dag \u015bwie\u017cego szpinaku, opakowanie sera typu feta, 4 &#8211; 5 z\u0105bk\u00f3w czosnku, szczypta ga\u0142ki muszkato\u0142owej, p\u00f3\u0142 szklanki \u015bmietany, pieprz, oliwa,  ew. s\u00f3l.<br \/>\nOk. 40 dag makaronu<\/em><\/p>\n<p>1. Na g\u0142\u0119bokiej patelni rozgrza\u0107 oliw\u0119  (2 &#8211; 3 \u0142y\u017cki), doda\u0107 posiekane lub przeci\u015bni\u0119te przez prask\u0119 z\u0105bki czosnku i chwile sma\u017cy\u0107.<br \/>\n2. Umyty i os\u0105czony szpinak doda\u0107 do podsma\u017conego czosnku i mieszaj\u0105c dusi\u0107 kilka minut.<br \/>\n3. Ser feta posieka\u0107 w kostk\u0119 i wraz ze \u015bmietana doda\u0107 do szpinaku, doprawi\u0107 start\u0105 ga\u0142k\u0105 muszkato\u0142ow\u0105 i pieprzem, w razie potrzeby sol\u0105.<br \/>\n4. Ugotowa\u0107 al dente makaron i wymiesza\u0107 z sosem. <\/p>\n","protected":false},"excerpt":{"rendered":"<p>50 dag \u015bwie\u017cego szpinaku, opakowanie sera typu feta, 4 &#8211; 5 z\u0105bk\u00f3w czosnku, szczypta ga\u0142ki muszkato\u0142owej, p\u00f3\u0142 szklanki \u015bmietany, pieprz, oliwa, ew. s\u00f3l. Ok. 40 dag makaronu 1. Na g\u0142\u0119bokiej patelni rozgrza\u0107 oliw\u0119 (2 &#8211; 3 \u0142y\u017cki), doda\u0107 posiekane lub przeci\u015bni\u0119te przez prask\u0119 z\u0105bki czosnku i chwile sma\u017cy\u0107. 2. Umyty i os\u0105czony szpinak doda\u0107 do [&hellip;]<\/p>\n","protected":false},"author":2,"featured_media":0,"comment_status":"open","ping_status":"open","sticky":false,"template":"","format":"standard","meta":{"footnotes":""},"categories":[1],"tags":[],"_links":{"self":[{"href":"https:\/\/blog.polityka.pl\/adamczewski\/wp-json\/wp\/v2\/posts\/10635"}],"collection":[{"href":"https:\/\/blog.polityka.pl\/adamczewski\/wp-json\/wp\/v2\/posts"}],"about":[{"href":"https:\/\/blog.polityka.pl\/adamczewski\/wp-json\/wp\/v2\/types\/post"}],"author":[{"embeddable":true,"href":"https:\/\/blog.polityka.pl\/adamczewski\/wp-json\/wp\/v2\/users\/2"}],"replies":[{"embeddable":true,"href":"https:\/\/blog.polityka.pl\/adamczewski\/wp-json\/wp\/v2\/comments?post=10635"}],"version-history":[{"count":0,"href":"https:\/\/blog.polityka.pl\/adamczewski\/wp-json\/wp\/v2\/posts\/10635\/revisions"}],"wp:attachment":[{"href":"https:\/\/blog.polityka.pl\/adamczewski\/wp-json\/wp\/v2\/media?parent=10635"}],"wp:term":[{"taxonomy":"category","embeddable":true,"href":"https:\/\/blog.polityka.pl\/adamczewski\/wp-json\/wp\/v2\/categories?post=10635"},{"taxonomy":"post_tag","embeddable":true,"href":"https:\/\/blog.polityka.pl\/adamczewski\/wp-json\/wp\/v2\/tags?post=10635"}],"curies":[{"name":"wp","href":"https:\/\/api.w.org\/{rel}","templated":true}]}}