
{"id":10637,"date":"2010-08-13T06:55:18","date_gmt":"2010-08-13T05:55:18","guid":{"rendered":"http:\/\/adamczewscy.pl\/?p=2944"},"modified":"2010-08-13T06:55:18","modified_gmt":"2010-08-13T05:55:18","slug":"pieczen-rzymska-z-parmezanem-i-papryka","status":"publish","type":"post","link":"https:\/\/blog.polityka.pl\/adamczewski\/2010\/08\/13\/pieczen-rzymska-z-parmezanem-i-papryka\/","title":{"rendered":"Piecze\u0144 rzymska z parmezanem i papryk\u0105"},"content":{"rendered":"<p><em>80 dag mielonego mi\u0119sa (mo\u017ce by\u0107 z indyka), 4 dymki wraz ze szczypiorkiem, 2 z\u0105bki czosnku,  2 czerwone papryki, 2 jaja, 3 \u0142y\u017cki tartej bu\u0142ki,  \u0142y\u017cka mas\u0142a, starta ga\u0142ka muszkato\u0142owa,  p\u0142aska \u0142y\u017ceczka zi\u00f3\u0142 prowansalskich, s\u00f3l, pieprz, 2 \u0142y\u017cki oleju.<br \/>\nDo posmarowania formy: \u0142y\u017cka oleju. Do wysypania formy: \u0142y\u017cka tartej bu\u0142ki<\/em><\/p>\n<p>1. Rozgrza\u0107 \u0142y\u017ck\u0119 oleju, zeszkli\u0107 na nim posiekana dymk\u0119 wraz ze szczypiorem oraz przeci\u015bni\u0119ty przez prask\u0119 czosnek.<br \/>\n2. Mi\u0119so wymiesza\u0107 z podsma\u017con\u0105 cebul\u0105 i czosnkiem, jajami, tart\u0105 bu\u0142k\u0105, parmezanem, zio\u0142ami prowansalskimi, ga\u0142k\u0105 muszkato\u0142ow\u0105, sol\u0105 i pieprzem. Dok\u0142adnie wyrobi\u0107 mas\u0119.<br \/>\n3. Papryki pokroi\u0107 w kostk\u0119, doda\u0107 do masy mi\u0119snej i zn\u00f3w dok\u0142adnie wymiesza\u0107.<br \/>\n4. W pod\u0142u\u017cnej foremce posmarowanej olejem i wysypanej tart\u0105 bu\u0142k\u0105 u\u0142o\u017cy\u0107 mas\u0119 mi\u0119sn\u0105, dok\u0142adnie wyg\u0142adzi\u0107 wierzch (mo\u017cna posmarowa\u0107 olejem).<br \/>\n5. Piec w temperaturze 180 st C oko\u0142o 50 minut. <\/p>\n","protected":false},"excerpt":{"rendered":"<p>80 dag mielonego mi\u0119sa (mo\u017ce by\u0107 z indyka), 4 dymki wraz ze szczypiorkiem, 2 z\u0105bki czosnku, 2 czerwone papryki, 2 jaja, 3 \u0142y\u017cki tartej bu\u0142ki, \u0142y\u017cka mas\u0142a, starta ga\u0142ka muszkato\u0142owa, p\u0142aska \u0142y\u017ceczka zi\u00f3\u0142 prowansalskich, s\u00f3l, pieprz, 2 \u0142y\u017cki oleju. Do posmarowania formy: \u0142y\u017cka oleju. Do wysypania formy: \u0142y\u017cka tartej bu\u0142ki 1. Rozgrza\u0107 \u0142y\u017ck\u0119 oleju, zeszkli\u0107 [&hellip;]<\/p>\n","protected":false},"author":2,"featured_media":0,"comment_status":"open","ping_status":"open","sticky":false,"template":"","format":"standard","meta":{"footnotes":""},"categories":[1],"tags":[],"_links":{"self":[{"href":"https:\/\/blog.polityka.pl\/adamczewski\/wp-json\/wp\/v2\/posts\/10637"}],"collection":[{"href":"https:\/\/blog.polityka.pl\/adamczewski\/wp-json\/wp\/v2\/posts"}],"about":[{"href":"https:\/\/blog.polityka.pl\/adamczewski\/wp-json\/wp\/v2\/types\/post"}],"author":[{"embeddable":true,"href":"https:\/\/blog.polityka.pl\/adamczewski\/wp-json\/wp\/v2\/users\/2"}],"replies":[{"embeddable":true,"href":"https:\/\/blog.polityka.pl\/adamczewski\/wp-json\/wp\/v2\/comments?post=10637"}],"version-history":[{"count":0,"href":"https:\/\/blog.polityka.pl\/adamczewski\/wp-json\/wp\/v2\/posts\/10637\/revisions"}],"wp:attachment":[{"href":"https:\/\/blog.polityka.pl\/adamczewski\/wp-json\/wp\/v2\/media?parent=10637"}],"wp:term":[{"taxonomy":"category","embeddable":true,"href":"https:\/\/blog.polityka.pl\/adamczewski\/wp-json\/wp\/v2\/categories?post=10637"},{"taxonomy":"post_tag","embeddable":true,"href":"https:\/\/blog.polityka.pl\/adamczewski\/wp-json\/wp\/v2\/tags?post=10637"}],"curies":[{"name":"wp","href":"https:\/\/api.w.org\/{rel}","templated":true}]}}