
{"id":10641,"date":"2010-08-20T06:04:35","date_gmt":"2010-08-20T05:04:35","guid":{"rendered":"http:\/\/adamczewscy.pl\/?p=2950"},"modified":"2010-08-20T06:04:35","modified_gmt":"2010-08-20T05:04:35","slug":"zupa-jablkowa-z-rokpolem","status":"publish","type":"post","link":"https:\/\/blog.polityka.pl\/adamczewski\/2010\/08\/20\/zupa-jablkowa-z-rokpolem\/","title":{"rendered":"Zupa jab\u0142kowa z rokpolem"},"content":{"rendered":"<p><em>3 jab\u0142ka, 6 \u015brednich ziemniak\u00f3w, 3 \u0142y\u017cki mas\u0142a, 4 szklanki bulionu warzywnego z kostki, marchew, 3 \u0142y\u017cki \u015bmietany, \u0142y\u017cka soku cytrynowego, s\u00f3l, pieprz, cukier do smaku, 10 dag sera rokpol, 2 \u0142y\u017cki posiekanej zielonej pietruszki. <\/em><\/p>\n<p>1. Cebul\u0119 drobno posieka\u0107, ziemniaki i marchew obra\u0107 i pokroi\u0107 w kostk\u0119.<br \/>\n2. Na ma\u015ble zeszkli\u0107 cebul\u0119, doda\u0107 marchew i ziemniaki, dusi\u0107 mieszaj\u0105c 5 minut.<br \/>\n3. Wla\u0107 bulion warzywny i gotowa\u0107 oko\u0142o 20 minut.<br \/>\n4. Obra\u0107 jab\u0142ka, pokroi\u0107 w plasterki i doda\u0107 do gotuj\u0105cej si\u0119 zupy, wraz z sokiem cytrynowym. Gotowa\u0107 5 minut.<br \/>\n5. Zup\u0119 ostudzi\u0107, zmiksowa\u0107, zagrza\u0107, doprawi\u0107 sol\u0105 i pieprzem, cukrem, \u015bmietan\u0105, wymiesza\u0107.<br \/>\n6. Podaj\u0105c posypa\u0107 zup\u0119 pokruszonym serem rokpol i posiekan\u0105 zielon\u0105 pietruszk\u0105. <\/p>\n","protected":false},"excerpt":{"rendered":"<p>3 jab\u0142ka, 6 \u015brednich ziemniak\u00f3w, 3 \u0142y\u017cki mas\u0142a, 4 szklanki bulionu warzywnego z kostki, marchew, 3 \u0142y\u017cki \u015bmietany, \u0142y\u017cka soku cytrynowego, s\u00f3l, pieprz, cukier do smaku, 10 dag sera rokpol, 2 \u0142y\u017cki posiekanej zielonej pietruszki. 1. Cebul\u0119 drobno posieka\u0107, ziemniaki i marchew obra\u0107 i pokroi\u0107 w kostk\u0119. 2. Na ma\u015ble zeszkli\u0107 cebul\u0119, doda\u0107 marchew i [&hellip;]<\/p>\n","protected":false},"author":2,"featured_media":0,"comment_status":"open","ping_status":"open","sticky":false,"template":"","format":"standard","meta":{"footnotes":""},"categories":[1],"tags":[],"_links":{"self":[{"href":"https:\/\/blog.polityka.pl\/adamczewski\/wp-json\/wp\/v2\/posts\/10641"}],"collection":[{"href":"https:\/\/blog.polityka.pl\/adamczewski\/wp-json\/wp\/v2\/posts"}],"about":[{"href":"https:\/\/blog.polityka.pl\/adamczewski\/wp-json\/wp\/v2\/types\/post"}],"author":[{"embeddable":true,"href":"https:\/\/blog.polityka.pl\/adamczewski\/wp-json\/wp\/v2\/users\/2"}],"replies":[{"embeddable":true,"href":"https:\/\/blog.polityka.pl\/adamczewski\/wp-json\/wp\/v2\/comments?post=10641"}],"version-history":[{"count":0,"href":"https:\/\/blog.polityka.pl\/adamczewski\/wp-json\/wp\/v2\/posts\/10641\/revisions"}],"wp:attachment":[{"href":"https:\/\/blog.polityka.pl\/adamczewski\/wp-json\/wp\/v2\/media?parent=10641"}],"wp:term":[{"taxonomy":"category","embeddable":true,"href":"https:\/\/blog.polityka.pl\/adamczewski\/wp-json\/wp\/v2\/categories?post=10641"},{"taxonomy":"post_tag","embeddable":true,"href":"https:\/\/blog.polityka.pl\/adamczewski\/wp-json\/wp\/v2\/tags?post=10641"}],"curies":[{"name":"wp","href":"https:\/\/api.w.org\/{rel}","templated":true}]}}