
{"id":10642,"date":"2010-08-20T06:05:51","date_gmt":"2010-08-20T05:05:51","guid":{"rendered":"http:\/\/adamczewscy.pl\/?p=2952"},"modified":"2010-08-20T06:05:51","modified_gmt":"2010-08-20T05:05:51","slug":"pomaranczowa-salata","status":"publish","type":"post","link":"https:\/\/blog.polityka.pl\/adamczewski\/2010\/08\/20\/pomaranczowa-salata\/","title":{"rendered":"Pomara\u0144czowa sa\u0142ata"},"content":{"rendered":"<p><em>10 dag roszponki, po kilka li\u015bci sa\u0142aty k\u0119dzierzawej i radicchio, 20 dag koziego serka, 2 pomara\u0144cze, kilka w\u0142oskich orzech\u00f3w, kilka listk\u00f3w mi\u0119ty, oliwa, pieprz<\/em><\/p>\n<p>1. Ca\u0142\u0105 zielenin\u0119 umy\u0107 i os\u0105czy\u0107. Pomara\u0144cze obra\u0107 i podzieli\u0107 na kawa\u0142ki. Doda\u0107 do sa\u0142aty.<br \/>\n2. Sok, kt\u00f3ry wyciek\u0142 przy obr\u00f3bce pomara\u0144czy wla\u0107 do 2 \u0142y\u017cek oliwy i pola\u0107 tym sa\u0142at\u0119. Na wierzchu u\u0142o\u017cy\u0107 kozi serek, pokruszone w\u0142oskie orzechy i listki mi\u0119ty. Posypa\u0107 z wierzchu \u015bwie\u017co zmielonym pieprzem. <\/p>\n","protected":false},"excerpt":{"rendered":"<p>10 dag roszponki, po kilka li\u015bci sa\u0142aty k\u0119dzierzawej i radicchio, 20 dag koziego serka, 2 pomara\u0144cze, kilka w\u0142oskich orzech\u00f3w, kilka listk\u00f3w mi\u0119ty, oliwa, pieprz 1. Ca\u0142\u0105 zielenin\u0119 umy\u0107 i os\u0105czy\u0107. Pomara\u0144cze obra\u0107 i podzieli\u0107 na kawa\u0142ki. Doda\u0107 do sa\u0142aty. 2. Sok, kt\u00f3ry wyciek\u0142 przy obr\u00f3bce pomara\u0144czy wla\u0107 do 2 \u0142y\u017cek oliwy i pola\u0107 tym sa\u0142at\u0119. [&hellip;]<\/p>\n","protected":false},"author":2,"featured_media":0,"comment_status":"open","ping_status":"open","sticky":false,"template":"","format":"standard","meta":{"footnotes":""},"categories":[1],"tags":[],"_links":{"self":[{"href":"https:\/\/blog.polityka.pl\/adamczewski\/wp-json\/wp\/v2\/posts\/10642"}],"collection":[{"href":"https:\/\/blog.polityka.pl\/adamczewski\/wp-json\/wp\/v2\/posts"}],"about":[{"href":"https:\/\/blog.polityka.pl\/adamczewski\/wp-json\/wp\/v2\/types\/post"}],"author":[{"embeddable":true,"href":"https:\/\/blog.polityka.pl\/adamczewski\/wp-json\/wp\/v2\/users\/2"}],"replies":[{"embeddable":true,"href":"https:\/\/blog.polityka.pl\/adamczewski\/wp-json\/wp\/v2\/comments?post=10642"}],"version-history":[{"count":0,"href":"https:\/\/blog.polityka.pl\/adamczewski\/wp-json\/wp\/v2\/posts\/10642\/revisions"}],"wp:attachment":[{"href":"https:\/\/blog.polityka.pl\/adamczewski\/wp-json\/wp\/v2\/media?parent=10642"}],"wp:term":[{"taxonomy":"category","embeddable":true,"href":"https:\/\/blog.polityka.pl\/adamczewski\/wp-json\/wp\/v2\/categories?post=10642"},{"taxonomy":"post_tag","embeddable":true,"href":"https:\/\/blog.polityka.pl\/adamczewski\/wp-json\/wp\/v2\/tags?post=10642"}],"curies":[{"name":"wp","href":"https:\/\/api.w.org\/{rel}","templated":true}]}}