
{"id":10644,"date":"2010-08-20T06:06:53","date_gmt":"2010-08-20T05:06:53","guid":{"rendered":"http:\/\/adamczewscy.pl\/?p=2954"},"modified":"2010-08-20T06:06:53","modified_gmt":"2010-08-20T05:06:53","slug":"fasolka-szparagowa-z-wedzonym-serem-i-zurawinami","status":"publish","type":"post","link":"https:\/\/blog.polityka.pl\/adamczewski\/2010\/08\/20\/fasolka-szparagowa-z-wedzonym-serem-i-zurawinami\/","title":{"rendered":"Fasolka szparagowa z w\u0119dzonym serem i \u017curawinami"},"content":{"rendered":"<p><em>50 dag zielonej fasolki szparagowej, s\u00f3l, pieprz, 2 \u0142y\u017cki mas\u0142a, \u015brednia cebula i z\u0105bek czosnku, gar\u015b\u0107 suszonych \u017curawin, ok. 30 dag w\u0119dzonego sera (doskonale smakuje oscypek), spora szczypta majeranku<\/em><\/p>\n<p>1. Fasol\u0119 oczy\u015bci\u0107, umy\u0107, wrzuci\u0107 do wrz\u0105cej lekko osolonej wody na wp\u00f3\u0142 mi\u0119kko. Przela\u0107 zimna wod\u0105, os\u0105czy\u0107.<br \/>\n2, W garnku rozpu\u015bci\u0107 mas\u0142o, doda\u0107 posiekan\u0105 cebul\u0119 i przeci\u015bni\u0119ty przez prask\u0119 czosnek, chwil\u0119 podsma\u017ca\u0107, doda\u0107 fasol\u0119 , op\u0142ukane suszone \u017curawiny i spor\u0105 szczypt\u0119 pieprzu. Dusi\u0107 2 minuty pod przykryciem. Uwa\u017ca\u0107, aby potrawa nie przywar\u0142a do dna &#8211; mo\u017cna zapobiec temu wlewaj\u0105c, w razie potrzeby, kilka \u0142y\u017cek wody.<br \/>\n3. Ser pokroi\u0107 w cienkie paski, (ew. zetrze\u0107 na grubej jarzynowej tarce) wraz ze szczypt\u0105 majeranku doda\u0107 do fasoli i dusi\u0107 do mi\u0119kko\u015bci fasoli. <\/p>\n","protected":false},"excerpt":{"rendered":"<p>50 dag zielonej fasolki szparagowej, s\u00f3l, pieprz, 2 \u0142y\u017cki mas\u0142a, \u015brednia cebula i z\u0105bek czosnku, gar\u015b\u0107 suszonych \u017curawin, ok. 30 dag w\u0119dzonego sera (doskonale smakuje oscypek), spora szczypta majeranku 1. Fasol\u0119 oczy\u015bci\u0107, umy\u0107, wrzuci\u0107 do wrz\u0105cej lekko osolonej wody na wp\u00f3\u0142 mi\u0119kko. Przela\u0107 zimna wod\u0105, os\u0105czy\u0107. 2, W garnku rozpu\u015bci\u0107 mas\u0142o, doda\u0107 posiekan\u0105 cebul\u0119 i [&hellip;]<\/p>\n","protected":false},"author":2,"featured_media":0,"comment_status":"open","ping_status":"open","sticky":false,"template":"","format":"standard","meta":{"footnotes":""},"categories":[1],"tags":[],"_links":{"self":[{"href":"https:\/\/blog.polityka.pl\/adamczewski\/wp-json\/wp\/v2\/posts\/10644"}],"collection":[{"href":"https:\/\/blog.polityka.pl\/adamczewski\/wp-json\/wp\/v2\/posts"}],"about":[{"href":"https:\/\/blog.polityka.pl\/adamczewski\/wp-json\/wp\/v2\/types\/post"}],"author":[{"embeddable":true,"href":"https:\/\/blog.polityka.pl\/adamczewski\/wp-json\/wp\/v2\/users\/2"}],"replies":[{"embeddable":true,"href":"https:\/\/blog.polityka.pl\/adamczewski\/wp-json\/wp\/v2\/comments?post=10644"}],"version-history":[{"count":0,"href":"https:\/\/blog.polityka.pl\/adamczewski\/wp-json\/wp\/v2\/posts\/10644\/revisions"}],"wp:attachment":[{"href":"https:\/\/blog.polityka.pl\/adamczewski\/wp-json\/wp\/v2\/media?parent=10644"}],"wp:term":[{"taxonomy":"category","embeddable":true,"href":"https:\/\/blog.polityka.pl\/adamczewski\/wp-json\/wp\/v2\/categories?post=10644"},{"taxonomy":"post_tag","embeddable":true,"href":"https:\/\/blog.polityka.pl\/adamczewski\/wp-json\/wp\/v2\/tags?post=10644"}],"curies":[{"name":"wp","href":"https:\/\/api.w.org\/{rel}","templated":true}]}}