
{"id":10645,"date":"2010-08-27T06:17:57","date_gmt":"2010-08-27T05:17:57","guid":{"rendered":"http:\/\/adamczewscy.pl\/?p=2956"},"modified":"2010-08-27T06:17:57","modified_gmt":"2010-08-27T05:17:57","slug":"torcik-poziomkowy","status":"publish","type":"post","link":"https:\/\/blog.polityka.pl\/adamczewski\/2010\/08\/27\/torcik-poziomkowy\/","title":{"rendered":"Torcik poziomkowy"},"content":{"rendered":"<p><em>25 dag poziomek, 15 dag twarogu, p\u00f3\u0142 szklanki bitej \u015bmietany, 1 \u0142y\u017ceczka \u017celatyny, 5 dag posiekanych orzech\u00f3w laskowych<\/em><\/p>\n<p>1. Umy\u0107 poziomki, os\u0105czy\u0107.<br \/>\n2. \u017belatyn\u0119 rozpu\u015bci\u0107 w dw\u00f3ch \u0142y\u017ckach zimnej wody i odstawi\u0107 na kwadrans. Po tym czasie zagotowa\u0107 i zn\u00f3w odstawi\u0107 by wystyg\u0142a.<br \/>\n3. Od\u0142o\u017cy\u0107 kilkana\u015bcie poziomek a reszt\u0119 zmiksowa\u0107 dok\u0142adnie z twarogiem. Doda\u0107 \u017celatyn\u0119 i prze\u0142o\u017cy\u0107 wszystko do salaterki. Wstawi\u0107 do lod\u00f3wki do zastygni\u0119cia.<br \/>\n4. Gdy st\u0119\u017ceje wyj\u0105\u0107 z lod\u00f3wki, zanurzy\u0107 salaterk\u0119 w gor\u0105cej wodzie, odwr\u00f3ci\u0107 do g\u00f3ry dnem i ostro\u017cnie wyj\u0105\u0107 torcik na talerz lub p\u00f3\u0142misek. Posmarowa\u0107 z wierzchu bit\u0105 \u015bmietan\u0105, posypa\u0107 orzechami i ozdobi\u0107 pozostawionymi poziomkami. <\/p>\n","protected":false},"excerpt":{"rendered":"<p>25 dag poziomek, 15 dag twarogu, p\u00f3\u0142 szklanki bitej \u015bmietany, 1 \u0142y\u017ceczka \u017celatyny, 5 dag posiekanych orzech\u00f3w laskowych 1. Umy\u0107 poziomki, os\u0105czy\u0107. 2. \u017belatyn\u0119 rozpu\u015bci\u0107 w dw\u00f3ch \u0142y\u017ckach zimnej wody i odstawi\u0107 na kwadrans. Po tym czasie zagotowa\u0107 i zn\u00f3w odstawi\u0107 by wystyg\u0142a. 3. Od\u0142o\u017cy\u0107 kilkana\u015bcie poziomek a reszt\u0119 zmiksowa\u0107 dok\u0142adnie z twarogiem. Doda\u0107 \u017celatyn\u0119 [&hellip;]<\/p>\n","protected":false},"author":2,"featured_media":0,"comment_status":"open","ping_status":"open","sticky":false,"template":"","format":"standard","meta":{"footnotes":""},"categories":[1],"tags":[],"_links":{"self":[{"href":"https:\/\/blog.polityka.pl\/adamczewski\/wp-json\/wp\/v2\/posts\/10645"}],"collection":[{"href":"https:\/\/blog.polityka.pl\/adamczewski\/wp-json\/wp\/v2\/posts"}],"about":[{"href":"https:\/\/blog.polityka.pl\/adamczewski\/wp-json\/wp\/v2\/types\/post"}],"author":[{"embeddable":true,"href":"https:\/\/blog.polityka.pl\/adamczewski\/wp-json\/wp\/v2\/users\/2"}],"replies":[{"embeddable":true,"href":"https:\/\/blog.polityka.pl\/adamczewski\/wp-json\/wp\/v2\/comments?post=10645"}],"version-history":[{"count":0,"href":"https:\/\/blog.polityka.pl\/adamczewski\/wp-json\/wp\/v2\/posts\/10645\/revisions"}],"wp:attachment":[{"href":"https:\/\/blog.polityka.pl\/adamczewski\/wp-json\/wp\/v2\/media?parent=10645"}],"wp:term":[{"taxonomy":"category","embeddable":true,"href":"https:\/\/blog.polityka.pl\/adamczewski\/wp-json\/wp\/v2\/categories?post=10645"},{"taxonomy":"post_tag","embeddable":true,"href":"https:\/\/blog.polityka.pl\/adamczewski\/wp-json\/wp\/v2\/tags?post=10645"}],"curies":[{"name":"wp","href":"https:\/\/api.w.org\/{rel}","templated":true}]}}