
{"id":10646,"date":"2010-08-27T06:19:40","date_gmt":"2010-08-27T05:19:40","guid":{"rendered":"http:\/\/adamczewscy.pl\/?p=2957"},"modified":"2010-08-27T06:19:40","modified_gmt":"2010-08-27T05:19:40","slug":"cielecina-z-kaparami","status":"publish","type":"post","link":"https:\/\/blog.polityka.pl\/adamczewski\/2010\/08\/27\/cielecina-z-kaparami\/","title":{"rendered":"Ciel\u0119cina z kaparami"},"content":{"rendered":"<p><em>75 dag ciel\u0119ciny z ud\u017aca, 5 dag kapar\u00f3w, 5 dag sera gruyer, 3 jajka,  4 z\u0105bki czosnku, przecier pomidorowy, oliwa, s\u00f3l<\/em><\/p>\n<p>1. Pokroi\u0107 mi\u0119so na 6 plastr\u00f3w i posoli\u0107 z obu stron.<br \/>\n2. Przekroi\u0107 z\u0105bki czosnku i obsma\u017cy\u0107 na oliwie. Prze\u0142o\u017cy\u0107 na talerzyk a na patelni\u0119 z oliw\u0105 wla\u0107 3 \u0142y\u017cki przecieru pomidorowego i 2 szklanki wody. Zagotowa\u0107.<br \/>\n3. W\u0142o\u017cy\u0107 do gotuj\u0105cego si\u0119 przecieru mi\u0119so i gotowa\u0107 pod pokrywk\u0105 na wolnym ogniu.<br \/>\n4. Mi\u0119kkie mi\u0119so prze\u0142o\u017cy\u0107 do naczynia \u017caroodpornego uprzednio wysmarowanego oliw\u0105. Posypa\u0107 kaparami i od\u0142o\u017conym czosnkiem.<br \/>\n5. Ubi\u0107 jajka ze startym gruyerem i pola\u0107 nimi mi\u0119so..<br \/>\n6. Zapieka\u0107 w temperaturze 180 st. C przez kwadrans. <\/p>\n","protected":false},"excerpt":{"rendered":"<p>75 dag ciel\u0119ciny z ud\u017aca, 5 dag kapar\u00f3w, 5 dag sera gruyer, 3 jajka, 4 z\u0105bki czosnku, przecier pomidorowy, oliwa, s\u00f3l 1. Pokroi\u0107 mi\u0119so na 6 plastr\u00f3w i posoli\u0107 z obu stron. 2. Przekroi\u0107 z\u0105bki czosnku i obsma\u017cy\u0107 na oliwie. Prze\u0142o\u017cy\u0107 na talerzyk a na patelni\u0119 z oliw\u0105 wla\u0107 3 \u0142y\u017cki przecieru pomidorowego i 2 [&hellip;]<\/p>\n","protected":false},"author":2,"featured_media":0,"comment_status":"open","ping_status":"open","sticky":false,"template":"","format":"standard","meta":{"footnotes":""},"categories":[1],"tags":[],"_links":{"self":[{"href":"https:\/\/blog.polityka.pl\/adamczewski\/wp-json\/wp\/v2\/posts\/10646"}],"collection":[{"href":"https:\/\/blog.polityka.pl\/adamczewski\/wp-json\/wp\/v2\/posts"}],"about":[{"href":"https:\/\/blog.polityka.pl\/adamczewski\/wp-json\/wp\/v2\/types\/post"}],"author":[{"embeddable":true,"href":"https:\/\/blog.polityka.pl\/adamczewski\/wp-json\/wp\/v2\/users\/2"}],"replies":[{"embeddable":true,"href":"https:\/\/blog.polityka.pl\/adamczewski\/wp-json\/wp\/v2\/comments?post=10646"}],"version-history":[{"count":0,"href":"https:\/\/blog.polityka.pl\/adamczewski\/wp-json\/wp\/v2\/posts\/10646\/revisions"}],"wp:attachment":[{"href":"https:\/\/blog.polityka.pl\/adamczewski\/wp-json\/wp\/v2\/media?parent=10646"}],"wp:term":[{"taxonomy":"category","embeddable":true,"href":"https:\/\/blog.polityka.pl\/adamczewski\/wp-json\/wp\/v2\/categories?post=10646"},{"taxonomy":"post_tag","embeddable":true,"href":"https:\/\/blog.polityka.pl\/adamczewski\/wp-json\/wp\/v2\/tags?post=10646"}],"curies":[{"name":"wp","href":"https:\/\/api.w.org\/{rel}","templated":true}]}}