
{"id":10647,"date":"2010-08-27T06:20:11","date_gmt":"2010-08-27T05:20:11","guid":{"rendered":"http:\/\/adamczewscy.pl\/?p=2958"},"modified":"2010-08-27T06:20:11","modified_gmt":"2010-08-27T05:20:11","slug":"sernik-puszysty","status":"publish","type":"post","link":"https:\/\/blog.polityka.pl\/adamczewski\/2010\/08\/27\/sernik-puszysty\/","title":{"rendered":"Sernik puszysty"},"content":{"rendered":"<p><em>40 dag t\u0142ustego twarogu, 4 jajka, p\u00f3\u0142 szklanki cukru, mas\u0142o, s\u00f3l, cynamon, otarta sk\u00f3rka z cytryny, rodzynki, sma\u017cona w cukrze sk\u00f3rka z pomara\u0144czy, likier morelowy<\/em><\/p>\n<p>1. Zmieli\u0107 trzykrotnie twar\u00f3g przez sitko z drobnymi dziurkami.<br \/>\n2. Rozbe\u0142ta\u0107 w miseczce trzy \u017c\u00f3\u0142tka plus jedno ca\u0142e jajko.<br \/>\n3. Zmielony ser rozetrze\u0107 w glinianej misce kopystk\u0105 z jajami, cukrem, po\u0142ow\u0105 \u0142y\u017ceczki cynamonu, 1 \u0142y\u017ceczk\u0105 sk\u00f3rki startej z cytryny, szczypt\u0105 soli.<br \/>\n4. Sma\u017con\u0105 sk\u00f3rk\u0119 pomara\u0144czow\u0105 i rodzynki skropi\u0107 likierem morelowym i doda\u0107 do serowej masy.<br \/>\n5. Z bia\u0142ek ubi\u0107 sztywna pian\u0119 i ostro\u017cnie po\u0142\u0105czy\u0107 z serem.<br \/>\n6. Posmarowa\u0107 tortownic\u0119 mas\u0142em. W\u0142o\u017cy\u0107 mas\u0119 serow\u0105 z bakaliami. No\u017cem wyr\u00f3wna\u0107 wierzch i piec 30 minut w temperaturze 160 st. C. <\/p>\n","protected":false},"excerpt":{"rendered":"<p>40 dag t\u0142ustego twarogu, 4 jajka, p\u00f3\u0142 szklanki cukru, mas\u0142o, s\u00f3l, cynamon, otarta sk\u00f3rka z cytryny, rodzynki, sma\u017cona w cukrze sk\u00f3rka z pomara\u0144czy, likier morelowy 1. Zmieli\u0107 trzykrotnie twar\u00f3g przez sitko z drobnymi dziurkami. 2. Rozbe\u0142ta\u0107 w miseczce trzy \u017c\u00f3\u0142tka plus jedno ca\u0142e jajko. 3. Zmielony ser rozetrze\u0107 w glinianej misce kopystk\u0105 z jajami, cukrem, [&hellip;]<\/p>\n","protected":false},"author":2,"featured_media":0,"comment_status":"open","ping_status":"open","sticky":false,"template":"","format":"standard","meta":{"footnotes":""},"categories":[1],"tags":[],"_links":{"self":[{"href":"https:\/\/blog.polityka.pl\/adamczewski\/wp-json\/wp\/v2\/posts\/10647"}],"collection":[{"href":"https:\/\/blog.polityka.pl\/adamczewski\/wp-json\/wp\/v2\/posts"}],"about":[{"href":"https:\/\/blog.polityka.pl\/adamczewski\/wp-json\/wp\/v2\/types\/post"}],"author":[{"embeddable":true,"href":"https:\/\/blog.polityka.pl\/adamczewski\/wp-json\/wp\/v2\/users\/2"}],"replies":[{"embeddable":true,"href":"https:\/\/blog.polityka.pl\/adamczewski\/wp-json\/wp\/v2\/comments?post=10647"}],"version-history":[{"count":0,"href":"https:\/\/blog.polityka.pl\/adamczewski\/wp-json\/wp\/v2\/posts\/10647\/revisions"}],"wp:attachment":[{"href":"https:\/\/blog.polityka.pl\/adamczewski\/wp-json\/wp\/v2\/media?parent=10647"}],"wp:term":[{"taxonomy":"category","embeddable":true,"href":"https:\/\/blog.polityka.pl\/adamczewski\/wp-json\/wp\/v2\/categories?post=10647"},{"taxonomy":"post_tag","embeddable":true,"href":"https:\/\/blog.polityka.pl\/adamczewski\/wp-json\/wp\/v2\/tags?post=10647"}],"curies":[{"name":"wp","href":"https:\/\/api.w.org\/{rel}","templated":true}]}}