
{"id":10650,"date":"2010-08-27T06:23:20","date_gmt":"2010-08-27T05:23:20","guid":{"rendered":"http:\/\/adamczewscy.pl\/?p=2961"},"modified":"2010-08-27T06:23:20","modified_gmt":"2010-08-27T05:23:20","slug":"ziemniaczana-zupa-krem","status":"publish","type":"post","link":"https:\/\/blog.polityka.pl\/adamczewski\/2010\/08\/27\/ziemniaczana-zupa-krem\/","title":{"rendered":"Ziemniaczana zupa krem"},"content":{"rendered":"<p><em>6 \u015brednich ziemniak\u00f3w, 3 marchwie, 2 pietruszki, kawa\u0142ek selera, niedu\u017cy por, ma\u0142a cebula, 2 100-gramowe serki topione (najlepiej \u015bmietankowe), listek laurowy, 3 ziarna ziela angielskiego, Vegeta, s\u00f3l, pieprz, 3 \u0142y\u017cki oleju<\/em><\/p>\n<p>1. Cebul\u0119 posieka\u0107, zeszkli\u0107 na rozgrzanym oleju.<br \/>\n2. Obra\u0107 marchew, pietruszk\u0119, seler i por, po\u0142ow\u0119 z nich pokroi\u0107 w kostk\u0119, reszt\u0119 pozostawi\u0107 w ca\u0142o\u015bci. Obrane ziemniaki pokroi\u0107 w kostk\u0119.<br \/>\n3. Zagotowa\u0107 6 szklanek wody z listkiem laurowym, zielem angielskim, Veget\u0105 i sol\u0105, doda\u0107 warzywa i ziemniaki. Gotowa\u0107, a\u017c stan\u0105 si\u0119 zupe\u0142nie mi\u0119kkie. Wyj\u0105\u0107 z zupy pozostawione w ca\u0142o\u015bci warzywa oraz ziele i li\u015b\u0107 laurowy. Pozosta\u0142e po lekkim ostudzeniu zupy zmiksowa\u0107 wraz z ziemniakami.<br \/>\n4. Do zmiksowanej zupy doda\u0107 pokrojone w kostk\u0119 serki i podgrzewa\u0107 a\u017c si\u0119 rozpuszcz\u0105. Doprawi\u0107 zup\u0119 sol\u0105 i ew. veget\u0105 do smaku.<br \/>\nMo\u017cna podawa\u0107 zup\u0119 z dodatkiem s\u0142onego krakersa, ciasteczka lub grzanek. <\/p>\n","protected":false},"excerpt":{"rendered":"<p>6 \u015brednich ziemniak\u00f3w, 3 marchwie, 2 pietruszki, kawa\u0142ek selera, niedu\u017cy por, ma\u0142a cebula, 2 100-gramowe serki topione (najlepiej \u015bmietankowe), listek laurowy, 3 ziarna ziela angielskiego, Vegeta, s\u00f3l, pieprz, 3 \u0142y\u017cki oleju 1. Cebul\u0119 posieka\u0107, zeszkli\u0107 na rozgrzanym oleju. 2. Obra\u0107 marchew, pietruszk\u0119, seler i por, po\u0142ow\u0119 z nich pokroi\u0107 w kostk\u0119, reszt\u0119 pozostawi\u0107 w ca\u0142o\u015bci. [&hellip;]<\/p>\n","protected":false},"author":2,"featured_media":0,"comment_status":"open","ping_status":"open","sticky":false,"template":"","format":"standard","meta":{"footnotes":""},"categories":[1],"tags":[],"_links":{"self":[{"href":"https:\/\/blog.polityka.pl\/adamczewski\/wp-json\/wp\/v2\/posts\/10650"}],"collection":[{"href":"https:\/\/blog.polityka.pl\/adamczewski\/wp-json\/wp\/v2\/posts"}],"about":[{"href":"https:\/\/blog.polityka.pl\/adamczewski\/wp-json\/wp\/v2\/types\/post"}],"author":[{"embeddable":true,"href":"https:\/\/blog.polityka.pl\/adamczewski\/wp-json\/wp\/v2\/users\/2"}],"replies":[{"embeddable":true,"href":"https:\/\/blog.polityka.pl\/adamczewski\/wp-json\/wp\/v2\/comments?post=10650"}],"version-history":[{"count":0,"href":"https:\/\/blog.polityka.pl\/adamczewski\/wp-json\/wp\/v2\/posts\/10650\/revisions"}],"wp:attachment":[{"href":"https:\/\/blog.polityka.pl\/adamczewski\/wp-json\/wp\/v2\/media?parent=10650"}],"wp:term":[{"taxonomy":"category","embeddable":true,"href":"https:\/\/blog.polityka.pl\/adamczewski\/wp-json\/wp\/v2\/categories?post=10650"},{"taxonomy":"post_tag","embeddable":true,"href":"https:\/\/blog.polityka.pl\/adamczewski\/wp-json\/wp\/v2\/tags?post=10650"}],"curies":[{"name":"wp","href":"https:\/\/api.w.org\/{rel}","templated":true}]}}