
{"id":10652,"date":"2010-09-03T06:24:25","date_gmt":"2010-09-03T05:24:25","guid":{"rendered":"http:\/\/adamczewscy.pl\/?p=2964"},"modified":"2010-09-03T06:24:25","modified_gmt":"2010-09-03T05:24:25","slug":"zielona-zupa-parmezanowa","status":"publish","type":"post","link":"https:\/\/blog.polityka.pl\/adamczewski\/2010\/09\/03\/zielona-zupa-parmezanowa\/","title":{"rendered":"Zielona zupa parmezanowa"},"content":{"rendered":"<p><em><br \/>\n6 szklanek wywaru warzywnego (mo\u017ce by\u0107 z kostki), 2 cebule, 4 \u0142y\u017cki oliwy z oliwek, p\u00f3\u0142 kalafiora, r\u00f3\u017cyczka broku\u0142u, 40 dag zielonej fasolki szparagowej (mo\u017ce by\u0107 mro\u017cona), p\u00f3\u0142torej szklanki startego parmezanu, 4 \u0142y\u017cki pokrojonej w kostk\u0119 czerwonej papryki, \u0142y\u017cka posiekanej \u015bwie\u017cej bazylii, s\u00f3l, pieprz<\/em><\/p>\n<p>1. Fasolk\u0119 oczy\u015bci\u0107, umy\u0107, wrzuci\u0107 na wrz\u0105c\u0105 osolon\u0105 wod\u0119 i ugotowa\u0107.<br \/>\n2. Cebul\u0119 posieka\u0107, zeszkli\u0107 na oliwie, wla\u0107 wywar i zagotowa\u0107, doda\u0107 podzielone na ma\u0142e cz\u0105stki broku\u0142y i kalafior, gotowa\u0107 15 minut lekko ostudzi\u0107,  doda\u0107 p\u00f3\u0142 szklanki startego parmezanu zmiksowa\u0107 na jednorodny krem.<br \/>\n3. Do zupy doda\u0107 pokrojona papryk\u0119, chwil\u0119 gotowa\u0107 doprawi\u0107 pieprzem i sol\u0105.<br \/>\nPodaj\u0105c posypywa\u0107 zup\u0119 startym parmezanem i posiekan\u0105 bazyli\u0105. <\/p>\n","protected":false},"excerpt":{"rendered":"<p>6 szklanek wywaru warzywnego (mo\u017ce by\u0107 z kostki), 2 cebule, 4 \u0142y\u017cki oliwy z oliwek, p\u00f3\u0142 kalafiora, r\u00f3\u017cyczka broku\u0142u, 40 dag zielonej fasolki szparagowej (mo\u017ce by\u0107 mro\u017cona), p\u00f3\u0142torej szklanki startego parmezanu, 4 \u0142y\u017cki pokrojonej w kostk\u0119 czerwonej papryki, \u0142y\u017cka posiekanej \u015bwie\u017cej bazylii, s\u00f3l, pieprz 1. Fasolk\u0119 oczy\u015bci\u0107, umy\u0107, wrzuci\u0107 na wrz\u0105c\u0105 osolon\u0105 wod\u0119 i ugotowa\u0107. [&hellip;]<\/p>\n","protected":false},"author":2,"featured_media":0,"comment_status":"open","ping_status":"open","sticky":false,"template":"","format":"standard","meta":{"footnotes":""},"categories":[1],"tags":[],"_links":{"self":[{"href":"https:\/\/blog.polityka.pl\/adamczewski\/wp-json\/wp\/v2\/posts\/10652"}],"collection":[{"href":"https:\/\/blog.polityka.pl\/adamczewski\/wp-json\/wp\/v2\/posts"}],"about":[{"href":"https:\/\/blog.polityka.pl\/adamczewski\/wp-json\/wp\/v2\/types\/post"}],"author":[{"embeddable":true,"href":"https:\/\/blog.polityka.pl\/adamczewski\/wp-json\/wp\/v2\/users\/2"}],"replies":[{"embeddable":true,"href":"https:\/\/blog.polityka.pl\/adamczewski\/wp-json\/wp\/v2\/comments?post=10652"}],"version-history":[{"count":0,"href":"https:\/\/blog.polityka.pl\/adamczewski\/wp-json\/wp\/v2\/posts\/10652\/revisions"}],"wp:attachment":[{"href":"https:\/\/blog.polityka.pl\/adamczewski\/wp-json\/wp\/v2\/media?parent=10652"}],"wp:term":[{"taxonomy":"category","embeddable":true,"href":"https:\/\/blog.polityka.pl\/adamczewski\/wp-json\/wp\/v2\/categories?post=10652"},{"taxonomy":"post_tag","embeddable":true,"href":"https:\/\/blog.polityka.pl\/adamczewski\/wp-json\/wp\/v2\/tags?post=10652"}],"curies":[{"name":"wp","href":"https:\/\/api.w.org\/{rel}","templated":true}]}}