
{"id":10654,"date":"2010-09-03T06:25:34","date_gmt":"2010-09-03T05:25:34","guid":{"rendered":"http:\/\/adamczewscy.pl\/?p=2966"},"modified":"2010-09-03T06:25:34","modified_gmt":"2010-09-03T05:25:34","slug":"tortille-wegetarianskie","status":"publish","type":"post","link":"https:\/\/blog.polityka.pl\/adamczewski\/2010\/09\/03\/tortille-wegetarianskie\/","title":{"rendered":"Tortille wegetaria\u0144skie"},"content":{"rendered":"<p><em>4 placki gotowych tortilli, opakowanie (20 dag) serka zio\u0142owego (twaro\u017cku), ma\u0142y zielony og\u00f3rek, czerwona papryka, p\u0119czek rzodkiewek, co najmniej 4 du\u017ce li\u015bcie sa\u0142aty<\/em><\/p>\n<p>1. Pokroi\u0107 w cienkie paski papryk\u0119, og\u00f3rek obra\u0107 i pokroi\u0107  tak\u017ce w cienkie paseczki, rzodkiewki posieka\u0107 do\u015b\u0107 drobno.<br \/>\n2. Wymiesza\u0107 pokrojone warzywa z serkiem.<br \/>\n3. Tortille posmarowa\u0107 serkiem, na nadzieniu u\u0142o\u017cy\u0107 li\u015bcie sa\u0142aty i zwin\u0105\u0107 placki w rulon. Poprzekrawa\u0107 tortille na po\u0142owy i podawa\u0107 jako zimn\u0105 przek\u0105sk\u0119. <\/p>\n","protected":false},"excerpt":{"rendered":"<p>4 placki gotowych tortilli, opakowanie (20 dag) serka zio\u0142owego (twaro\u017cku), ma\u0142y zielony og\u00f3rek, czerwona papryka, p\u0119czek rzodkiewek, co najmniej 4 du\u017ce li\u015bcie sa\u0142aty 1. Pokroi\u0107 w cienkie paski papryk\u0119, og\u00f3rek obra\u0107 i pokroi\u0107 tak\u017ce w cienkie paseczki, rzodkiewki posieka\u0107 do\u015b\u0107 drobno. 2. Wymiesza\u0107 pokrojone warzywa z serkiem. 3. Tortille posmarowa\u0107 serkiem, na nadzieniu u\u0142o\u017cy\u0107 li\u015bcie [&hellip;]<\/p>\n","protected":false},"author":2,"featured_media":0,"comment_status":"open","ping_status":"open","sticky":false,"template":"","format":"standard","meta":{"footnotes":""},"categories":[1],"tags":[],"_links":{"self":[{"href":"https:\/\/blog.polityka.pl\/adamczewski\/wp-json\/wp\/v2\/posts\/10654"}],"collection":[{"href":"https:\/\/blog.polityka.pl\/adamczewski\/wp-json\/wp\/v2\/posts"}],"about":[{"href":"https:\/\/blog.polityka.pl\/adamczewski\/wp-json\/wp\/v2\/types\/post"}],"author":[{"embeddable":true,"href":"https:\/\/blog.polityka.pl\/adamczewski\/wp-json\/wp\/v2\/users\/2"}],"replies":[{"embeddable":true,"href":"https:\/\/blog.polityka.pl\/adamczewski\/wp-json\/wp\/v2\/comments?post=10654"}],"version-history":[{"count":0,"href":"https:\/\/blog.polityka.pl\/adamczewski\/wp-json\/wp\/v2\/posts\/10654\/revisions"}],"wp:attachment":[{"href":"https:\/\/blog.polityka.pl\/adamczewski\/wp-json\/wp\/v2\/media?parent=10654"}],"wp:term":[{"taxonomy":"category","embeddable":true,"href":"https:\/\/blog.polityka.pl\/adamczewski\/wp-json\/wp\/v2\/categories?post=10654"},{"taxonomy":"post_tag","embeddable":true,"href":"https:\/\/blog.polityka.pl\/adamczewski\/wp-json\/wp\/v2\/tags?post=10654"}],"curies":[{"name":"wp","href":"https:\/\/api.w.org\/{rel}","templated":true}]}}