
{"id":10657,"date":"2010-09-10T06:19:40","date_gmt":"2010-09-10T05:19:40","guid":{"rendered":"http:\/\/adamczewscy.pl\/?p=2970"},"modified":"2010-09-10T06:19:40","modified_gmt":"2010-09-10T05:19:40","slug":"serowo-rozane-pierozki","status":"publish","type":"post","link":"https:\/\/blog.polityka.pl\/adamczewski\/2010\/09\/10\/serowo-rozane-pierozki\/","title":{"rendered":"Serowo-r\u00f3\u017cane piero\u017cki"},"content":{"rendered":"<p><em>Na ciasto: 20 dag t\u0142ustego twarogu, 20 dag mas\u0142a, p\u00f3\u0142torej szklanki m\u0105ki, jajko, szczypta soli, p\u00f3\u0142 \u0142y\u017ceczki proszku do pieczenia. Do wa\u0142kowania: 3-4 \u0142y\u017cki m\u0105ki.<br \/>\nDo nadziewania: p\u00f3\u0142 s\u0142oiczka konfitury z p\u0142atk\u00f3w r\u00f3\u017cy,<br \/>\nDo posypania: 2 \u0142y\u017cki cukru-pudru<\/em><\/p>\n<p>1. Twar\u00f3g zemle\u0107 w maszynce do mi\u0119sa, doda\u0107 \u017c\u00f3\u0142tko i m\u0105k\u0119 z proszkiem do pieczenia, szczypt\u0119 soli. Zagnie\u015b\u0107 szybko ciasto, po czym zawini\u0119te w foli\u0119 umie\u015bcicie na godzin\u0119 w lod\u00f3wce.<br \/>\n2. Wyj\u0119te z lod\u00f3wki ciasto rozwa\u0142kowa\u0107 na grubo\u015b\u0107 2-3 milimetr\u00f3w podsypuj\u0105c nieco m\u0105ki. Wycina\u0107 szklank\u0105 kr\u0105\u017cki, na \u015brodku ka\u017cdego uk\u0142ada\u0107 odrobin\u0119 konfitury i starannie zlepia\u0107 brzegi, kt\u00f3re mo\u017cna posmarowa\u0107 pozosta\u0142ym bia\u0142kiem.<br \/>\n3. Upiec piero\u017cki w piekarniku w temperaturze 200 st C. Powinny by\u0107 z\u0142ociste.<br \/>\n4. Wyj\u0119te z piekarnika ciastka posypa\u0107 przez sitko cukrem pudrem. <\/p>\n","protected":false},"excerpt":{"rendered":"<p>Na ciasto: 20 dag t\u0142ustego twarogu, 20 dag mas\u0142a, p\u00f3\u0142torej szklanki m\u0105ki, jajko, szczypta soli, p\u00f3\u0142 \u0142y\u017ceczki proszku do pieczenia. Do wa\u0142kowania: 3-4 \u0142y\u017cki m\u0105ki. Do nadziewania: p\u00f3\u0142 s\u0142oiczka konfitury z p\u0142atk\u00f3w r\u00f3\u017cy, Do posypania: 2 \u0142y\u017cki cukru-pudru 1. Twar\u00f3g zemle\u0107 w maszynce do mi\u0119sa, doda\u0107 \u017c\u00f3\u0142tko i m\u0105k\u0119 z proszkiem do pieczenia, szczypt\u0119 soli. [&hellip;]<\/p>\n","protected":false},"author":2,"featured_media":0,"comment_status":"open","ping_status":"open","sticky":false,"template":"","format":"standard","meta":{"footnotes":""},"categories":[1],"tags":[],"_links":{"self":[{"href":"https:\/\/blog.polityka.pl\/adamczewski\/wp-json\/wp\/v2\/posts\/10657"}],"collection":[{"href":"https:\/\/blog.polityka.pl\/adamczewski\/wp-json\/wp\/v2\/posts"}],"about":[{"href":"https:\/\/blog.polityka.pl\/adamczewski\/wp-json\/wp\/v2\/types\/post"}],"author":[{"embeddable":true,"href":"https:\/\/blog.polityka.pl\/adamczewski\/wp-json\/wp\/v2\/users\/2"}],"replies":[{"embeddable":true,"href":"https:\/\/blog.polityka.pl\/adamczewski\/wp-json\/wp\/v2\/comments?post=10657"}],"version-history":[{"count":0,"href":"https:\/\/blog.polityka.pl\/adamczewski\/wp-json\/wp\/v2\/posts\/10657\/revisions"}],"wp:attachment":[{"href":"https:\/\/blog.polityka.pl\/adamczewski\/wp-json\/wp\/v2\/media?parent=10657"}],"wp:term":[{"taxonomy":"category","embeddable":true,"href":"https:\/\/blog.polityka.pl\/adamczewski\/wp-json\/wp\/v2\/categories?post=10657"},{"taxonomy":"post_tag","embeddable":true,"href":"https:\/\/blog.polityka.pl\/adamczewski\/wp-json\/wp\/v2\/tags?post=10657"}],"curies":[{"name":"wp","href":"https:\/\/api.w.org\/{rel}","templated":true}]}}