
{"id":10659,"date":"2010-09-10T06:21:33","date_gmt":"2010-09-10T05:21:33","guid":{"rendered":"http:\/\/adamczewscy.pl\/?p=2972"},"modified":"2010-09-10T06:21:33","modified_gmt":"2010-09-10T05:21:33","slug":"puszysta-zupa-serowo-%e2%80%93-kalafiorowa","status":"publish","type":"post","link":"https:\/\/blog.polityka.pl\/adamczewski\/2010\/09\/10\/puszysta-zupa-serowo-%e2%80%93-kalafiorowa\/","title":{"rendered":"Puszysta zupa serowo ? kalafiorowa"},"content":{"rendered":"<p><em>Niedu\u017cy kalafior, 3 szklanki roso\u0142u warzywnego z kostki, 2 dymmi, 2 ziemniaki, \u0142y\u017cka mas\u0142a, \u0142y\u017cka oleju, szklanka mleka lub niskoprocentowej s\u0142odkiej \u015bmietanki, szklanka startego sera cheddar, s\u00f3l, \u015bwie\u017co zmielony bia\u0142y pieprz. <\/em><\/p>\n<p>1. Cebul\u0119 posieka\u0107, ziemniaki pokroi\u0107 w drobna kostk\u0119, kalafior podzieli\u0107 na niewielkie kawa\u0142eczki.<br \/>\n2. Rozgrza\u0107 mas\u0142o z olejem, wrzuci\u0107 najpierw cebul\u0119, nast\u0119pnie ziemniaki i kalafior i podsma\u017ca\u0107 2 &#8211; 3 minuty.<br \/>\n3. Do garnka wla\u0107 ros\u00f3\u0142 warzywny i mleko lub \u015bmietank\u0119. Gotowa\u0107 oko\u0142o p\u00f3\u0142 godziny doprawiaj\u0105c sol\u0105 i pieprzem do smaku.<br \/>\n4. Do gor\u0105cej zupy doda\u0107 straty ser, po czym  zmiksowa\u0107 na g\u0142adki krem. <\/p>\n","protected":false},"excerpt":{"rendered":"<p>Niedu\u017cy kalafior, 3 szklanki roso\u0142u warzywnego z kostki, 2 dymmi, 2 ziemniaki, \u0142y\u017cka mas\u0142a, \u0142y\u017cka oleju, szklanka mleka lub niskoprocentowej s\u0142odkiej \u015bmietanki, szklanka startego sera cheddar, s\u00f3l, \u015bwie\u017co zmielony bia\u0142y pieprz. 1. Cebul\u0119 posieka\u0107, ziemniaki pokroi\u0107 w drobna kostk\u0119, kalafior podzieli\u0107 na niewielkie kawa\u0142eczki. 2. Rozgrza\u0107 mas\u0142o z olejem, wrzuci\u0107 najpierw cebul\u0119, nast\u0119pnie ziemniaki i [&hellip;]<\/p>\n","protected":false},"author":2,"featured_media":0,"comment_status":"open","ping_status":"open","sticky":false,"template":"","format":"standard","meta":{"footnotes":""},"categories":[1],"tags":[],"_links":{"self":[{"href":"https:\/\/blog.polityka.pl\/adamczewski\/wp-json\/wp\/v2\/posts\/10659"}],"collection":[{"href":"https:\/\/blog.polityka.pl\/adamczewski\/wp-json\/wp\/v2\/posts"}],"about":[{"href":"https:\/\/blog.polityka.pl\/adamczewski\/wp-json\/wp\/v2\/types\/post"}],"author":[{"embeddable":true,"href":"https:\/\/blog.polityka.pl\/adamczewski\/wp-json\/wp\/v2\/users\/2"}],"replies":[{"embeddable":true,"href":"https:\/\/blog.polityka.pl\/adamczewski\/wp-json\/wp\/v2\/comments?post=10659"}],"version-history":[{"count":0,"href":"https:\/\/blog.polityka.pl\/adamczewski\/wp-json\/wp\/v2\/posts\/10659\/revisions"}],"wp:attachment":[{"href":"https:\/\/blog.polityka.pl\/adamczewski\/wp-json\/wp\/v2\/media?parent=10659"}],"wp:term":[{"taxonomy":"category","embeddable":true,"href":"https:\/\/blog.polityka.pl\/adamczewski\/wp-json\/wp\/v2\/categories?post=10659"},{"taxonomy":"post_tag","embeddable":true,"href":"https:\/\/blog.polityka.pl\/adamczewski\/wp-json\/wp\/v2\/tags?post=10659"}],"curies":[{"name":"wp","href":"https:\/\/api.w.org\/{rel}","templated":true}]}}