
{"id":10660,"date":"2010-09-10T06:22:19","date_gmt":"2010-09-10T05:22:19","guid":{"rendered":"http:\/\/adamczewscy.pl\/?p=2973"},"modified":"2010-09-10T06:22:19","modified_gmt":"2010-09-10T05:22:19","slug":"tort-lodowy-2","status":"publish","type":"post","link":"https:\/\/blog.polityka.pl\/adamczewski\/2010\/09\/10\/tort-lodowy-2\/","title":{"rendered":"Tort lodowy"},"content":{"rendered":"<p><em>Puszka brzoskwi\u0144, szklanka cukru, 50 dag serka mascarppone, 2 i p\u00f3\u0142 szklanki sch\u0142odzonej \u015bmietanki kremowej, ok. 20 dag mro\u017conych malin, 5 \u0142y\u017cek jakiegokolwiek owocowego likieru (malinowego, pomara\u0144czowego itp.). <\/em><\/p>\n<p>1. Brzoskwinie ods\u0105czy\u0107, pokroi\u0107 drobno i u\u0142o\u017cone na papierze do wypiek\u00f3w w\u0142o\u017cy\u0107 do lod\u00f3wki na godzin\u0119.<br \/>\n2. Cukier zagotowa\u0107 z po\u0142owa szklanki wody, wystudzi\u0107.<br \/>\n3. Mascarpone wymiesza\u0107 starannie z zagotowanym cukrem, doda\u0107 mro\u017cone maliny i zmro\u017cone brzoskwinie.<br \/>\n4. \u015amietnk\u0119 ubi\u0107, doda\u0107 do mascarpone, wymiesza\u0107 delikatnie lecz starannie.<br \/>\n5. Foremk\u0119 do makowca lub keksu wy\u0142o\u017cy\u0107 papierem do wypiek\u00f3w, wype\u0142ni\u0107 mas\u0105 serow\u0105, szczelnie opakowa\u0107 i wstawi\u0107 do zamra\u017calnika na co najmniej 4 godziny.<br \/>\nWyj\u0105\u0107 z zamra\u017calnika i trzyma\u0107 w lod\u00f3wce co najmniej p\u00f3\u0142 godziny, kroi\u0107 na plastry. <\/p>\n","protected":false},"excerpt":{"rendered":"<p>Puszka brzoskwi\u0144, szklanka cukru, 50 dag serka mascarppone, 2 i p\u00f3\u0142 szklanki sch\u0142odzonej \u015bmietanki kremowej, ok. 20 dag mro\u017conych malin, 5 \u0142y\u017cek jakiegokolwiek owocowego likieru (malinowego, pomara\u0144czowego itp.). 1. Brzoskwinie ods\u0105czy\u0107, pokroi\u0107 drobno i u\u0142o\u017cone na papierze do wypiek\u00f3w w\u0142o\u017cy\u0107 do lod\u00f3wki na godzin\u0119. 2. Cukier zagotowa\u0107 z po\u0142owa szklanki wody, wystudzi\u0107. 3. Mascarpone wymiesza\u0107 [&hellip;]<\/p>\n","protected":false},"author":2,"featured_media":0,"comment_status":"open","ping_status":"open","sticky":false,"template":"","format":"standard","meta":{"footnotes":""},"categories":[1],"tags":[],"_links":{"self":[{"href":"https:\/\/blog.polityka.pl\/adamczewski\/wp-json\/wp\/v2\/posts\/10660"}],"collection":[{"href":"https:\/\/blog.polityka.pl\/adamczewski\/wp-json\/wp\/v2\/posts"}],"about":[{"href":"https:\/\/blog.polityka.pl\/adamczewski\/wp-json\/wp\/v2\/types\/post"}],"author":[{"embeddable":true,"href":"https:\/\/blog.polityka.pl\/adamczewski\/wp-json\/wp\/v2\/users\/2"}],"replies":[{"embeddable":true,"href":"https:\/\/blog.polityka.pl\/adamczewski\/wp-json\/wp\/v2\/comments?post=10660"}],"version-history":[{"count":0,"href":"https:\/\/blog.polityka.pl\/adamczewski\/wp-json\/wp\/v2\/posts\/10660\/revisions"}],"wp:attachment":[{"href":"https:\/\/blog.polityka.pl\/adamczewski\/wp-json\/wp\/v2\/media?parent=10660"}],"wp:term":[{"taxonomy":"category","embeddable":true,"href":"https:\/\/blog.polityka.pl\/adamczewski\/wp-json\/wp\/v2\/categories?post=10660"},{"taxonomy":"post_tag","embeddable":true,"href":"https:\/\/blog.polityka.pl\/adamczewski\/wp-json\/wp\/v2\/tags?post=10660"}],"curies":[{"name":"wp","href":"https:\/\/api.w.org\/{rel}","templated":true}]}}