
{"id":10662,"date":"2010-09-10T06:23:24","date_gmt":"2010-09-10T05:23:24","guid":{"rendered":"http:\/\/adamczewscy.pl\/?p=2975"},"modified":"2010-09-10T06:23:24","modified_gmt":"2010-09-10T05:23:24","slug":"niezwykly-omlet-dla-smakosza","status":"publish","type":"post","link":"https:\/\/blog.polityka.pl\/adamczewski\/2010\/09\/10\/niezwykly-omlet-dla-smakosza\/","title":{"rendered":"Niezwyk\u0142y omlet dla smakosza"},"content":{"rendered":"<p><em>2 ziemniaki, bardzo ma\u0142a cukinia, marchew, 2 dymki, ok. 10 &#8211; 20 dag pol\u0119dwicy wo\u0142owej,  \u0142y\u017cka m\u0105ki, 2 \u0142y\u017cki oleju, 4 jaja, 2 \u0142y\u017cki mleka, p\u00f3\u0142 szklanki startego \u017c\u00f3\u0142tego sera, s\u00f3l, pieprz<\/em><\/p>\n<p>1. Ziemniaki, cukini\u0119 i marchew pokroi\u0107 w kostk\u0119, dymki posieka\u0107, obgotowa\u0107 we wrz\u0105tku oko\u0142o 5 minut, ods\u0105czy\u0107.<br \/>\n2. Mi\u0119so pokroi\u0107 w cienkie paseczki, posypa\u0107 lekko m\u0105k\u0105.<br \/>\n3. Na patelni rozgrza\u0107 olej, zrumieni\u0107  mi\u0119so, doda\u0107 warzywa i wymiesza\u0107.<br \/>\n4. Roztrzepa\u0107 jaja z mlekiem,  startym \u017c\u00f3\u0142tym serem, sol\u0105 i pieprzem.<br \/>\n5. Wyla\u0107 mas\u0119 jajeczn\u0105 na podsma\u017cone mi\u0119so z warzywami i pod przykryciem sma\u017cy\u0107 omlet oko\u0142o 10 minut. <\/p>\n","protected":false},"excerpt":{"rendered":"<p>2 ziemniaki, bardzo ma\u0142a cukinia, marchew, 2 dymki, ok. 10 &#8211; 20 dag pol\u0119dwicy wo\u0142owej, \u0142y\u017cka m\u0105ki, 2 \u0142y\u017cki oleju, 4 jaja, 2 \u0142y\u017cki mleka, p\u00f3\u0142 szklanki startego \u017c\u00f3\u0142tego sera, s\u00f3l, pieprz 1. Ziemniaki, cukini\u0119 i marchew pokroi\u0107 w kostk\u0119, dymki posieka\u0107, obgotowa\u0107 we wrz\u0105tku oko\u0142o 5 minut, ods\u0105czy\u0107. 2. Mi\u0119so pokroi\u0107 w cienkie paseczki, [&hellip;]<\/p>\n","protected":false},"author":2,"featured_media":0,"comment_status":"open","ping_status":"open","sticky":false,"template":"","format":"standard","meta":{"footnotes":""},"categories":[1],"tags":[],"_links":{"self":[{"href":"https:\/\/blog.polityka.pl\/adamczewski\/wp-json\/wp\/v2\/posts\/10662"}],"collection":[{"href":"https:\/\/blog.polityka.pl\/adamczewski\/wp-json\/wp\/v2\/posts"}],"about":[{"href":"https:\/\/blog.polityka.pl\/adamczewski\/wp-json\/wp\/v2\/types\/post"}],"author":[{"embeddable":true,"href":"https:\/\/blog.polityka.pl\/adamczewski\/wp-json\/wp\/v2\/users\/2"}],"replies":[{"embeddable":true,"href":"https:\/\/blog.polityka.pl\/adamczewski\/wp-json\/wp\/v2\/comments?post=10662"}],"version-history":[{"count":0,"href":"https:\/\/blog.polityka.pl\/adamczewski\/wp-json\/wp\/v2\/posts\/10662\/revisions"}],"wp:attachment":[{"href":"https:\/\/blog.polityka.pl\/adamczewski\/wp-json\/wp\/v2\/media?parent=10662"}],"wp:term":[{"taxonomy":"category","embeddable":true,"href":"https:\/\/blog.polityka.pl\/adamczewski\/wp-json\/wp\/v2\/categories?post=10662"},{"taxonomy":"post_tag","embeddable":true,"href":"https:\/\/blog.polityka.pl\/adamczewski\/wp-json\/wp\/v2\/tags?post=10662"}],"curies":[{"name":"wp","href":"https:\/\/api.w.org\/{rel}","templated":true}]}}