
{"id":10672,"date":"2010-09-24T07:20:30","date_gmt":"2010-09-24T06:20:30","guid":{"rendered":"http:\/\/adamczewscy.pl\/?p=2987"},"modified":"2010-09-24T07:20:30","modified_gmt":"2010-09-24T06:20:30","slug":"zupa-malinowa-z-twarozkiem","status":"publish","type":"post","link":"https:\/\/blog.polityka.pl\/adamczewski\/2010\/09\/24\/zupa-malinowa-z-twarozkiem\/","title":{"rendered":"Zupa malinowa z twaro\u017ckiem"},"content":{"rendered":"<p>Szklanka kwa\u015bnej \u015bmietany, szklanka wody, pojemnik serka waniliowego, 4 \u0142y\u017cki cukru, 0,5 kg malin (mog\u0105 by\u0107 mro\u017cone), ma\u0142e bezy lub kruche ciasteczka jako dodatek. <\/p>\n<p>1. Maliny zmiksowa\u0107, przetrze\u0107 przez sitko, aby pozosta\u0142y na nim pestki.<br \/>\n2. Zagotowa\u0107 w garnuszku wod\u0119 z cukrem, ostudzi\u0107.<br \/>\n3. Wymiesza\u0107 wod\u0119 z przecierem malinowym, serkiem dok\u0142adnie wymiesza\u0107 lub zmiksowa\u0107. Odstawi\u0107 do lod\u00f3wki na godzin\u0119. <\/p>\n","protected":false},"excerpt":{"rendered":"<p>Szklanka kwa\u015bnej \u015bmietany, szklanka wody, pojemnik serka waniliowego, 4 \u0142y\u017cki cukru, 0,5 kg malin (mog\u0105 by\u0107 mro\u017cone), ma\u0142e bezy lub kruche ciasteczka jako dodatek. 1. Maliny zmiksowa\u0107, przetrze\u0107 przez sitko, aby pozosta\u0142y na nim pestki. 2. Zagotowa\u0107 w garnuszku wod\u0119 z cukrem, ostudzi\u0107. 3. Wymiesza\u0107 wod\u0119 z przecierem malinowym, serkiem dok\u0142adnie wymiesza\u0107 lub zmiksowa\u0107. Odstawi\u0107 [&hellip;]<\/p>\n","protected":false},"author":2,"featured_media":0,"comment_status":"open","ping_status":"open","sticky":false,"template":"","format":"standard","meta":{"footnotes":""},"categories":[1],"tags":[],"_links":{"self":[{"href":"https:\/\/blog.polityka.pl\/adamczewski\/wp-json\/wp\/v2\/posts\/10672"}],"collection":[{"href":"https:\/\/blog.polityka.pl\/adamczewski\/wp-json\/wp\/v2\/posts"}],"about":[{"href":"https:\/\/blog.polityka.pl\/adamczewski\/wp-json\/wp\/v2\/types\/post"}],"author":[{"embeddable":true,"href":"https:\/\/blog.polityka.pl\/adamczewski\/wp-json\/wp\/v2\/users\/2"}],"replies":[{"embeddable":true,"href":"https:\/\/blog.polityka.pl\/adamczewski\/wp-json\/wp\/v2\/comments?post=10672"}],"version-history":[{"count":0,"href":"https:\/\/blog.polityka.pl\/adamczewski\/wp-json\/wp\/v2\/posts\/10672\/revisions"}],"wp:attachment":[{"href":"https:\/\/blog.polityka.pl\/adamczewski\/wp-json\/wp\/v2\/media?parent=10672"}],"wp:term":[{"taxonomy":"category","embeddable":true,"href":"https:\/\/blog.polityka.pl\/adamczewski\/wp-json\/wp\/v2\/categories?post=10672"},{"taxonomy":"post_tag","embeddable":true,"href":"https:\/\/blog.polityka.pl\/adamczewski\/wp-json\/wp\/v2\/tags?post=10672"}],"curies":[{"name":"wp","href":"https:\/\/api.w.org\/{rel}","templated":true}]}}