
{"id":10673,"date":"2010-09-24T07:21:04","date_gmt":"2010-09-24T06:21:04","guid":{"rendered":"http:\/\/adamczewscy.pl\/?p=2988"},"modified":"2010-09-24T07:21:04","modified_gmt":"2010-09-24T06:21:04","slug":"zupa-grzybowa-z-cukinia","status":"publish","type":"post","link":"https:\/\/blog.polityka.pl\/adamczewski\/2010\/09\/24\/zupa-grzybowa-z-cukinia\/","title":{"rendered":"Zupa grzybowa z cukini\u0105"},"content":{"rendered":"<p><em>Ok. 50 dag mieszanych grzyb\u00f3w le\u015bnych,  \u015brednia cukinia, 3 \u0142y\u017cki mas\u0142a, 6 szklanek roso\u0142u warzywnego z kostki, 2\/3 szklanki \u015bmietany (mo\u017ce by\u0107 12 lub 18-proc. ), s\u00f3l, pieprz, 3 \u0142y\u017cki siekanej zielonej pietruszki lub kolendry,  \u0142y\u017cka siekanych li\u015bci bazylii<\/em><\/p>\n<p>1. Cukinie obra\u0107, pokroi\u0107 na drobne kawa\u0142ki i zala\u0107 2 szklankami roso\u0142u warzywnego, ugotowa\u0107 do mi\u0119kko\u015bci, i po lekkim przestudzeniu zmiksowa\u0107.<br \/>\n2. Grzyby oczy\u015bci\u0107, posieka\u0107, sma\u017cy\u0107 w garnku na ma\u015ble oko\u0142o 10-15 minut, po czym doda\u0107 gor\u0105cy ros\u00f3\u0142 warzywny i gotowa\u0107 jeszcze 20 minut.<br \/>\n3. Po\u0142\u0105czy\u0107 zup\u0119 grzybow\u0105 ze zmiksowan\u0105 cukini\u0105, doprawi\u0107 sol\u0105 i pieprzem, doda\u0107 siekan\u0105 bazyli\u0119.<br \/>\n4. Podawa\u0107 zup\u0119 ze spor\u0105 ?kropl\u0105? \u015bmietany i posypana zielona pietruszk\u0105 lub kolendr\u0105. <\/p>\n","protected":false},"excerpt":{"rendered":"<p>Ok. 50 dag mieszanych grzyb\u00f3w le\u015bnych, \u015brednia cukinia, 3 \u0142y\u017cki mas\u0142a, 6 szklanek roso\u0142u warzywnego z kostki, 2\/3 szklanki \u015bmietany (mo\u017ce by\u0107 12 lub 18-proc. ), s\u00f3l, pieprz, 3 \u0142y\u017cki siekanej zielonej pietruszki lub kolendry, \u0142y\u017cka siekanych li\u015bci bazylii 1. Cukinie obra\u0107, pokroi\u0107 na drobne kawa\u0142ki i zala\u0107 2 szklankami roso\u0142u warzywnego, ugotowa\u0107 do mi\u0119kko\u015bci, [&hellip;]<\/p>\n","protected":false},"author":2,"featured_media":0,"comment_status":"open","ping_status":"open","sticky":false,"template":"","format":"standard","meta":{"footnotes":""},"categories":[1],"tags":[],"_links":{"self":[{"href":"https:\/\/blog.polityka.pl\/adamczewski\/wp-json\/wp\/v2\/posts\/10673"}],"collection":[{"href":"https:\/\/blog.polityka.pl\/adamczewski\/wp-json\/wp\/v2\/posts"}],"about":[{"href":"https:\/\/blog.polityka.pl\/adamczewski\/wp-json\/wp\/v2\/types\/post"}],"author":[{"embeddable":true,"href":"https:\/\/blog.polityka.pl\/adamczewski\/wp-json\/wp\/v2\/users\/2"}],"replies":[{"embeddable":true,"href":"https:\/\/blog.polityka.pl\/adamczewski\/wp-json\/wp\/v2\/comments?post=10673"}],"version-history":[{"count":0,"href":"https:\/\/blog.polityka.pl\/adamczewski\/wp-json\/wp\/v2\/posts\/10673\/revisions"}],"wp:attachment":[{"href":"https:\/\/blog.polityka.pl\/adamczewski\/wp-json\/wp\/v2\/media?parent=10673"}],"wp:term":[{"taxonomy":"category","embeddable":true,"href":"https:\/\/blog.polityka.pl\/adamczewski\/wp-json\/wp\/v2\/categories?post=10673"},{"taxonomy":"post_tag","embeddable":true,"href":"https:\/\/blog.polityka.pl\/adamczewski\/wp-json\/wp\/v2\/tags?post=10673"}],"curies":[{"name":"wp","href":"https:\/\/api.w.org\/{rel}","templated":true}]}}