
{"id":10674,"date":"2010-10-01T05:50:47","date_gmt":"2010-10-01T04:50:47","guid":{"rendered":"http:\/\/adamczewscy.pl\/?p=2990"},"modified":"2010-10-01T05:50:47","modified_gmt":"2010-10-01T04:50:47","slug":"tortellini-zapiekane-z-serowym-sosem","status":"publish","type":"post","link":"https:\/\/blog.polityka.pl\/adamczewski\/2010\/10\/01\/tortellini-zapiekane-z-serowym-sosem\/","title":{"rendered":"Tortellini zapiekane z serowym sosem"},"content":{"rendered":"<p><em>50 dag gotowych piero\u017ck\u00f3w tortellini, szklanka g\u0119stej \u015bmietany 18-proc., jajko, s\u00f3l, pieprz, szczypta ga\u0142ki muszkato\u0142owej do smaku, szklanka startego na tarce \u017c\u00f3\u0142tego sera<\/em><\/p>\n<p>1. Torellini ugotowa\u0107 zgodnie z przepisem na opakowaniu. Odcedzi\u0107. Prze\u0142o\u017cy\u0107 do naczynia \u017caroodpornego.<br \/>\n2. Wymiesza\u0107 \u015bmietan\u0119 z jajkiem i \u017c\u00f3\u0142tym serem, doprawi\u0107 sos sol\u0105, pieprzem i start\u0105 ga\u0142k\u0105 muszkato\u0142ow\u0105, zala\u0107 sosem tortellini.<br \/>\n3. Nagrza\u0107 piekarnik do temperatury 180 st c i zapieka\u0107 piero\u017cki oko\u0142o 15 minut. <\/p>\n","protected":false},"excerpt":{"rendered":"<p>50 dag gotowych piero\u017ck\u00f3w tortellini, szklanka g\u0119stej \u015bmietany 18-proc., jajko, s\u00f3l, pieprz, szczypta ga\u0142ki muszkato\u0142owej do smaku, szklanka startego na tarce \u017c\u00f3\u0142tego sera 1. Torellini ugotowa\u0107 zgodnie z przepisem na opakowaniu. Odcedzi\u0107. Prze\u0142o\u017cy\u0107 do naczynia \u017caroodpornego. 2. Wymiesza\u0107 \u015bmietan\u0119 z jajkiem i \u017c\u00f3\u0142tym serem, doprawi\u0107 sos sol\u0105, pieprzem i start\u0105 ga\u0142k\u0105 muszkato\u0142ow\u0105, zala\u0107 sosem tortellini. [&hellip;]<\/p>\n","protected":false},"author":2,"featured_media":0,"comment_status":"open","ping_status":"open","sticky":false,"template":"","format":"standard","meta":{"footnotes":""},"categories":[1],"tags":[],"_links":{"self":[{"href":"https:\/\/blog.polityka.pl\/adamczewski\/wp-json\/wp\/v2\/posts\/10674"}],"collection":[{"href":"https:\/\/blog.polityka.pl\/adamczewski\/wp-json\/wp\/v2\/posts"}],"about":[{"href":"https:\/\/blog.polityka.pl\/adamczewski\/wp-json\/wp\/v2\/types\/post"}],"author":[{"embeddable":true,"href":"https:\/\/blog.polityka.pl\/adamczewski\/wp-json\/wp\/v2\/users\/2"}],"replies":[{"embeddable":true,"href":"https:\/\/blog.polityka.pl\/adamczewski\/wp-json\/wp\/v2\/comments?post=10674"}],"version-history":[{"count":0,"href":"https:\/\/blog.polityka.pl\/adamczewski\/wp-json\/wp\/v2\/posts\/10674\/revisions"}],"wp:attachment":[{"href":"https:\/\/blog.polityka.pl\/adamczewski\/wp-json\/wp\/v2\/media?parent=10674"}],"wp:term":[{"taxonomy":"category","embeddable":true,"href":"https:\/\/blog.polityka.pl\/adamczewski\/wp-json\/wp\/v2\/categories?post=10674"},{"taxonomy":"post_tag","embeddable":true,"href":"https:\/\/blog.polityka.pl\/adamczewski\/wp-json\/wp\/v2\/tags?post=10674"}],"curies":[{"name":"wp","href":"https:\/\/api.w.org\/{rel}","templated":true}]}}