
{"id":10675,"date":"2010-10-01T05:51:16","date_gmt":"2010-10-01T04:51:16","guid":{"rendered":"http:\/\/adamczewscy.pl\/?p=2991"},"modified":"2010-10-01T05:51:16","modified_gmt":"2010-10-01T04:51:16","slug":"serowy-puchar","status":"publish","type":"post","link":"https:\/\/blog.polityka.pl\/adamczewski\/2010\/10\/01\/serowy-puchar\/","title":{"rendered":"Serowy puchar"},"content":{"rendered":"<p><em>40 dag serka mascarpone, 2 jaja, 4 \u0142y\u017cki soku wyci\u015bni\u0119tego z pomara\u0144czy, otarta sk\u00f3rka z po\u0142\u00f3wki cytryny, 2 szklanki \u015bwie\u017cych truskawek lub innych mi\u0119kkich owoc\u00f3w, 6 \u0142y\u017cek cukru, kieliszek likieru pomara\u0144czowego, kilka posiekanych migda\u0142\u00f3w lub orzech\u00f3w, listki melisy do przybrania. <\/em><\/p>\n<p>1. Ser mascarpone miksowa\u0107 z \u017c\u00f3\u0142tkami, sokiem pomara\u0144czowym i sk\u00f3rk\u0105 cytrynow\u0105, doda\u0107 4 \u0142y\u017cki cukru i uciera\u0107, a\u017c uzyska si\u0119 g\u0142adk\u0105 mas\u0119.<br \/>\n2. Bia\u0142ka ubi\u0107 na sztywn\u0105 piane pozosta\u0142ym cukrem.<br \/>\n3. Wymiesza\u0107 mas\u0119 serow\u0105 z ubitymi bia\u0142kami.<br \/>\n4. Po\u0142ow\u0119 masy wymiesza\u0107 z rozdrobnionymi truskawkami likierem pomara\u0144czowym.<br \/>\n5. W pucharkach uk\u0142ada\u0107 najpierw warstw\u0119 serka z truskawkami, a na niej warstw\u0119 serka bez tego dodatku. <\/p>\n","protected":false},"excerpt":{"rendered":"<p>40 dag serka mascarpone, 2 jaja, 4 \u0142y\u017cki soku wyci\u015bni\u0119tego z pomara\u0144czy, otarta sk\u00f3rka z po\u0142\u00f3wki cytryny, 2 szklanki \u015bwie\u017cych truskawek lub innych mi\u0119kkich owoc\u00f3w, 6 \u0142y\u017cek cukru, kieliszek likieru pomara\u0144czowego, kilka posiekanych migda\u0142\u00f3w lub orzech\u00f3w, listki melisy do przybrania. 1. Ser mascarpone miksowa\u0107 z \u017c\u00f3\u0142tkami, sokiem pomara\u0144czowym i sk\u00f3rk\u0105 cytrynow\u0105, doda\u0107 4 \u0142y\u017cki cukru [&hellip;]<\/p>\n","protected":false},"author":2,"featured_media":0,"comment_status":"open","ping_status":"open","sticky":false,"template":"","format":"standard","meta":{"footnotes":""},"categories":[1],"tags":[],"_links":{"self":[{"href":"https:\/\/blog.polityka.pl\/adamczewski\/wp-json\/wp\/v2\/posts\/10675"}],"collection":[{"href":"https:\/\/blog.polityka.pl\/adamczewski\/wp-json\/wp\/v2\/posts"}],"about":[{"href":"https:\/\/blog.polityka.pl\/adamczewski\/wp-json\/wp\/v2\/types\/post"}],"author":[{"embeddable":true,"href":"https:\/\/blog.polityka.pl\/adamczewski\/wp-json\/wp\/v2\/users\/2"}],"replies":[{"embeddable":true,"href":"https:\/\/blog.polityka.pl\/adamczewski\/wp-json\/wp\/v2\/comments?post=10675"}],"version-history":[{"count":0,"href":"https:\/\/blog.polityka.pl\/adamczewski\/wp-json\/wp\/v2\/posts\/10675\/revisions"}],"wp:attachment":[{"href":"https:\/\/blog.polityka.pl\/adamczewski\/wp-json\/wp\/v2\/media?parent=10675"}],"wp:term":[{"taxonomy":"category","embeddable":true,"href":"https:\/\/blog.polityka.pl\/adamczewski\/wp-json\/wp\/v2\/categories?post=10675"},{"taxonomy":"post_tag","embeddable":true,"href":"https:\/\/blog.polityka.pl\/adamczewski\/wp-json\/wp\/v2\/tags?post=10675"}],"curies":[{"name":"wp","href":"https:\/\/api.w.org\/{rel}","templated":true}]}}