
{"id":10677,"date":"2010-10-01T05:52:27","date_gmt":"2010-10-01T04:52:27","guid":{"rendered":"http:\/\/adamczewscy.pl\/?p=2993"},"modified":"2010-10-01T05:52:27","modified_gmt":"2010-10-01T04:52:27","slug":"owocowe-placuszki-twarozkowe","status":"publish","type":"post","link":"https:\/\/blog.polityka.pl\/adamczewski\/2010\/10\/01\/owocowe-placuszki-twarozkowe\/","title":{"rendered":"Owocowe placuszki twaro\u017ckowe"},"content":{"rendered":"<p><em>2 i p\u00f3\u0142 szklanki m\u0105ki, p\u00f3\u0142torej szklanki mleka, ok. p\u00f3\u0142 szklanki gazowanej wody mineralnej (lub wi\u0119cej aby ciasto mia\u0142o konsystencje lej\u0105c\u0105), \u0142y\u017ceczka proszku do pieczenia, pojemniczek (20 dag)  twaro\u017cku, 3 jaja, \u0142y\u017ceczka cukru waniliowego, szklanka rozmro\u017conych wi\u015bni , dok\u0142adnie ods\u0105czonych na durszlaku z soku,<br \/>\nDo sma\u017cenia: p\u00f3\u0142 szklanki oleju <\/em><\/p>\n<p>1. Oddzieli\u0107 \u017c\u00f3\u0142tka od bia\u0142ek.<br \/>\n2. Wymiesza\u0107 mikserem na wolnych obrotach m\u0105k\u0119 z \u017c\u00f3\u0142tkami, twaro\u017ckiem, mlekiem, proszkiem do pieczenia i cukrem waniliowym oraz wod\u0105 gazowan\u0105.<br \/>\n3. Ubi\u0107 pian\u0119 z bia\u0142ek i wymiesza\u0107 ostro\u017cnie z ciastem.<br \/>\n4. Do ciasta doda\u0107 wi\u015bnie, jeszcze raz wymiesza\u0107 ciasto<br \/>\n5. Na rozgrzany na patelni olej k\u0142a\u015b\u0107 \u0142y\u017ck\u0105 owalne niedu\u017ce placuszki, sma\u017cy\u0107 na z\u0142oto, odk\u0142ada\u0107 na papierowy kuchenny r\u0119cznik aby ods\u0105czy\u0107 nadmiar t\u0142uszczu.<br \/>\nPodawa\u0107 z odrobin\u0105 cukru pudru lub z sokiem jaki pozosta\u0142 z rozmra\u017canych wi\u015bni, dla amator\u00f3w s\u0142odszych smak\u00f3w nale\u017cy do soku doda\u0107 cukier. <\/p>\n","protected":false},"excerpt":{"rendered":"<p>2 i p\u00f3\u0142 szklanki m\u0105ki, p\u00f3\u0142torej szklanki mleka, ok. p\u00f3\u0142 szklanki gazowanej wody mineralnej (lub wi\u0119cej aby ciasto mia\u0142o konsystencje lej\u0105c\u0105), \u0142y\u017ceczka proszku do pieczenia, pojemniczek (20 dag) twaro\u017cku, 3 jaja, \u0142y\u017ceczka cukru waniliowego, szklanka rozmro\u017conych wi\u015bni , dok\u0142adnie ods\u0105czonych na durszlaku z soku, Do sma\u017cenia: p\u00f3\u0142 szklanki oleju 1. Oddzieli\u0107 \u017c\u00f3\u0142tka od bia\u0142ek. 2. [&hellip;]<\/p>\n","protected":false},"author":2,"featured_media":0,"comment_status":"open","ping_status":"open","sticky":false,"template":"","format":"standard","meta":{"footnotes":""},"categories":[1],"tags":[],"_links":{"self":[{"href":"https:\/\/blog.polityka.pl\/adamczewski\/wp-json\/wp\/v2\/posts\/10677"}],"collection":[{"href":"https:\/\/blog.polityka.pl\/adamczewski\/wp-json\/wp\/v2\/posts"}],"about":[{"href":"https:\/\/blog.polityka.pl\/adamczewski\/wp-json\/wp\/v2\/types\/post"}],"author":[{"embeddable":true,"href":"https:\/\/blog.polityka.pl\/adamczewski\/wp-json\/wp\/v2\/users\/2"}],"replies":[{"embeddable":true,"href":"https:\/\/blog.polityka.pl\/adamczewski\/wp-json\/wp\/v2\/comments?post=10677"}],"version-history":[{"count":0,"href":"https:\/\/blog.polityka.pl\/adamczewski\/wp-json\/wp\/v2\/posts\/10677\/revisions"}],"wp:attachment":[{"href":"https:\/\/blog.polityka.pl\/adamczewski\/wp-json\/wp\/v2\/media?parent=10677"}],"wp:term":[{"taxonomy":"category","embeddable":true,"href":"https:\/\/blog.polityka.pl\/adamczewski\/wp-json\/wp\/v2\/categories?post=10677"},{"taxonomy":"post_tag","embeddable":true,"href":"https:\/\/blog.polityka.pl\/adamczewski\/wp-json\/wp\/v2\/tags?post=10677"}],"curies":[{"name":"wp","href":"https:\/\/api.w.org\/{rel}","templated":true}]}}