
{"id":10678,"date":"2010-10-01T05:53:26","date_gmt":"2010-10-01T04:53:26","guid":{"rendered":"http:\/\/adamczewscy.pl\/?p=2994"},"modified":"2010-10-01T05:53:26","modified_gmt":"2010-10-01T04:53:26","slug":"kurczak-z-ryzem-i-parmezanem","status":"publish","type":"post","link":"https:\/\/blog.polityka.pl\/adamczewski\/2010\/10\/01\/kurczak-z-ryzem-i-parmezanem\/","title":{"rendered":"Kurczak z ry\u017cem i parmezanem"},"content":{"rendered":"<p><em>2 podw\u00f3jne filety z piersi kurczaka, 3 torebki ry\u017cu (do gotowania), 3 papryki, niedu\u017ca cebula, ma\u0142a puszeczka konserwowego groszku, 3\/4 szklanki startego parmezanu, p\u00f3\u0142 szklanki oleju, spora szczypta kurkumy, 2 z\u0105bki czosnku, \u0142y\u017cka [osiekanego \u015bwie\u017cego oregano, 2\u0142yzkiposiekanej zielonej pietruszki, s\u00f3l, pieprz<\/em><\/p>\n<p>1. Zagotowa\u0107 wodze kurkum\u0105, wsypa\u0107 ry\u017c z woreczk\u00f3w, gotowa\u0107 20 minut, ods\u0105czy\u0107 na sicie.<br \/>\n2. Pokroi\u0107 mi\u0119so w cienkie paski, posypa\u0107 sol\u0105 i pieprzem.<br \/>\n3. Rozgrza\u0107 olej i zrumieni\u0107 paski kurczaka. Wyj\u0105\u0107 je \u0142y\u017ck\u0105 cedzakow\u0105 pozostawiaj\u0105c olej.<br \/>\n4. Na pozostawionym oleju podsma\u017cy\u0107 posiekan\u0105 drobno cebul\u0119 i przeci\u015bni\u0119ty przez prask\u0119 czosnek, doda\u0107 pokrojone w cienkie paski papryki i ods\u0105czony z zalewy groszek. Sma\u017cy\u0107 mieszaj\u0105c 5 -7 minut, 5. Doda\u0107 ry\u017c, paski kurczaka i przyprawi\u0107 oregano, sma\u017cy\u0107 potraw\u0119 oko\u0142o 5 minut. Na koniec doda\u0107 parmezan i wymiesza\u0107<br \/>\nGotow\u0105 potraw\u0119 posypa\u0107 siekan\u0105 zielon\u0105 pietruszk\u0105. <\/p>\n","protected":false},"excerpt":{"rendered":"<p>2 podw\u00f3jne filety z piersi kurczaka, 3 torebki ry\u017cu (do gotowania), 3 papryki, niedu\u017ca cebula, ma\u0142a puszeczka konserwowego groszku, 3\/4 szklanki startego parmezanu, p\u00f3\u0142 szklanki oleju, spora szczypta kurkumy, 2 z\u0105bki czosnku, \u0142y\u017cka [osiekanego \u015bwie\u017cego oregano, 2\u0142yzkiposiekanej zielonej pietruszki, s\u00f3l, pieprz 1. Zagotowa\u0107 wodze kurkum\u0105, wsypa\u0107 ry\u017c z woreczk\u00f3w, gotowa\u0107 20 minut, ods\u0105czy\u0107 na sicie. [&hellip;]<\/p>\n","protected":false},"author":2,"featured_media":0,"comment_status":"open","ping_status":"open","sticky":false,"template":"","format":"standard","meta":{"footnotes":""},"categories":[1],"tags":[],"_links":{"self":[{"href":"https:\/\/blog.polityka.pl\/adamczewski\/wp-json\/wp\/v2\/posts\/10678"}],"collection":[{"href":"https:\/\/blog.polityka.pl\/adamczewski\/wp-json\/wp\/v2\/posts"}],"about":[{"href":"https:\/\/blog.polityka.pl\/adamczewski\/wp-json\/wp\/v2\/types\/post"}],"author":[{"embeddable":true,"href":"https:\/\/blog.polityka.pl\/adamczewski\/wp-json\/wp\/v2\/users\/2"}],"replies":[{"embeddable":true,"href":"https:\/\/blog.polityka.pl\/adamczewski\/wp-json\/wp\/v2\/comments?post=10678"}],"version-history":[{"count":0,"href":"https:\/\/blog.polityka.pl\/adamczewski\/wp-json\/wp\/v2\/posts\/10678\/revisions"}],"wp:attachment":[{"href":"https:\/\/blog.polityka.pl\/adamczewski\/wp-json\/wp\/v2\/media?parent=10678"}],"wp:term":[{"taxonomy":"category","embeddable":true,"href":"https:\/\/blog.polityka.pl\/adamczewski\/wp-json\/wp\/v2\/categories?post=10678"},{"taxonomy":"post_tag","embeddable":true,"href":"https:\/\/blog.polityka.pl\/adamczewski\/wp-json\/wp\/v2\/tags?post=10678"}],"curies":[{"name":"wp","href":"https:\/\/api.w.org\/{rel}","templated":true}]}}