
{"id":10680,"date":"2010-10-07T17:26:53","date_gmt":"2010-10-07T16:26:53","guid":{"rendered":"http:\/\/adamczewscy.pl\/?p=2997"},"modified":"2010-10-07T17:26:53","modified_gmt":"2010-10-07T16:26:53","slug":"pieczone-jablka-z-nadzieniem-twarozkowym-2","status":"publish","type":"post","link":"https:\/\/blog.polityka.pl\/adamczewski\/2010\/10\/07\/pieczone-jablka-z-nadzieniem-twarozkowym-2\/","title":{"rendered":"Pieczone jab\u0142ka z nadzieniem twaro\u017ckowym"},"content":{"rendered":"<p><em>4 du\u017ce jab\u0142ka,10 dag twaro\u017cku homogenizowanego, \u017c\u00f3\u0142tko, gar\u015b\u0107 rodzynek, gar\u015b\u0107 p\u0142atk\u00f3w migda\u0142owych, \u0142y\u017cka miodu, \u0142y\u017cka rumu<\/em><\/p>\n<p>1.Jab\u0142ka umy\u0107, osuszy\u0107, odci\u0105\u0107  ?czapeczki? ,wydr\u0105\u017cy\u0107  gniazda nasienne.<br \/>\n2.Twaro\u017cek wymiesza\u0107 z pozosta\u0142ymi sk\u0142adnikami, nape\u0142ni\u0107 nim wn\u0119trza jab\u0142ek.<br \/>\n3.Wnagrzanym do 200 st C piekarniku zapieka\u0107 jab\u0142ka oko\u0142o 30 minut.<\/p>\n","protected":false},"excerpt":{"rendered":"<p>4 du\u017ce jab\u0142ka,10 dag twaro\u017cku homogenizowanego, \u017c\u00f3\u0142tko, gar\u015b\u0107 rodzynek, gar\u015b\u0107 p\u0142atk\u00f3w migda\u0142owych, \u0142y\u017cka miodu, \u0142y\u017cka rumu 1.Jab\u0142ka umy\u0107, osuszy\u0107, odci\u0105\u0107 ?czapeczki? ,wydr\u0105\u017cy\u0107 gniazda nasienne. 2.Twaro\u017cek wymiesza\u0107 z pozosta\u0142ymi sk\u0142adnikami, nape\u0142ni\u0107 nim wn\u0119trza jab\u0142ek. 3.Wnagrzanym do 200 st C piekarniku zapieka\u0107 jab\u0142ka oko\u0142o 30 minut.<\/p>\n","protected":false},"author":2,"featured_media":0,"comment_status":"open","ping_status":"open","sticky":false,"template":"","format":"standard","meta":{"footnotes":""},"categories":[1],"tags":[],"_links":{"self":[{"href":"https:\/\/blog.polityka.pl\/adamczewski\/wp-json\/wp\/v2\/posts\/10680"}],"collection":[{"href":"https:\/\/blog.polityka.pl\/adamczewski\/wp-json\/wp\/v2\/posts"}],"about":[{"href":"https:\/\/blog.polityka.pl\/adamczewski\/wp-json\/wp\/v2\/types\/post"}],"author":[{"embeddable":true,"href":"https:\/\/blog.polityka.pl\/adamczewski\/wp-json\/wp\/v2\/users\/2"}],"replies":[{"embeddable":true,"href":"https:\/\/blog.polityka.pl\/adamczewski\/wp-json\/wp\/v2\/comments?post=10680"}],"version-history":[{"count":0,"href":"https:\/\/blog.polityka.pl\/adamczewski\/wp-json\/wp\/v2\/posts\/10680\/revisions"}],"wp:attachment":[{"href":"https:\/\/blog.polityka.pl\/adamczewski\/wp-json\/wp\/v2\/media?parent=10680"}],"wp:term":[{"taxonomy":"category","embeddable":true,"href":"https:\/\/blog.polityka.pl\/adamczewski\/wp-json\/wp\/v2\/categories?post=10680"},{"taxonomy":"post_tag","embeddable":true,"href":"https:\/\/blog.polityka.pl\/adamczewski\/wp-json\/wp\/v2\/tags?post=10680"}],"curies":[{"name":"wp","href":"https:\/\/api.w.org\/{rel}","templated":true}]}}