
{"id":10681,"date":"2010-10-07T17:27:26","date_gmt":"2010-10-07T16:27:26","guid":{"rendered":"http:\/\/adamczewscy.pl\/?p=2998"},"modified":"2010-10-07T17:27:26","modified_gmt":"2010-10-07T16:27:26","slug":"nalesniki-na-bogato","status":"publish","type":"post","link":"https:\/\/blog.polityka.pl\/adamczewski\/2010\/10\/07\/nalesniki-na-bogato\/","title":{"rendered":"Nale\u015bniki ?na bogato?"},"content":{"rendered":"<p><em>P\u00f3\u0142torej szklanki m\u0105ki,2 szklanki mleka,2 jaja, szczypta soli<br \/>\nNa farsz: 50 dag mielonego mi\u0119sa z indyka lub wieprzowego,50 dag pieczarek,2 szklanki startego na jarzynowej tarce  \u017c\u00f3\u0142tego sera,2 cebule, s\u00f3l, pieprz, ew. przyprawa do mielonego mi\u0119sa, \u0142y\u017ceczka Vegety, 3 \u0142y\u017cki posiekanej zielonej pietruszki, p\u00f3\u0142 szklanki oleju<\/em><\/p>\n<p>1.Z podanych sk\u0142adnik\u00f3w przygotowa\u0107 ciasto nale\u015bnikowe i na teflonowej patelni usma\u017cy\u0107 cienkie nale\u015bniki.<br \/>\n2. Podsma\u017cy\u0107 na  2-3 \u0142y\u017ckach oleju posiekan\u0105 drobno cebul\u0119, doda\u0107 mi\u0119so i  doprawiaj\u0105c przypraw\u0105 do mielonego  podsma\u017ca\u0107 jeszcze chwil\u0119.<br \/>\n3.Pieczarki posieka\u0107 i podsma\u017cy\u0107 na 2 \u0142y\u017ckach oleju, doda\u0107  Veget\u0119.<br \/>\n4.Na nale\u015bnikach uk\u0142ada\u0107 po trochu usma\u017conego mi\u0119sa i pieczarek oraz startego sera, zwija\u0107 w dowolny spos\u00f3b: w rulon, na p\u00f3\u0142 lub w chusteczk\u0119.<br \/>\n5.U\u0142ozone na \u017caroodpornym p\u00f3\u0142misku nale\u015bniki posypa\u0107  pozosta\u0142ymi pieczarkami i startym serem. Zapiec w piekarniku do momentu, kiedy ser si\u0119 rozpu\u015bci. Posypa\u0107 siekan\u0105  zielon\u0105 pietruszk\u0105.<\/p>\n","protected":false},"excerpt":{"rendered":"<p>P\u00f3\u0142torej szklanki m\u0105ki,2 szklanki mleka,2 jaja, szczypta soli Na farsz: 50 dag mielonego mi\u0119sa z indyka lub wieprzowego,50 dag pieczarek,2 szklanki startego na jarzynowej tarce \u017c\u00f3\u0142tego sera,2 cebule, s\u00f3l, pieprz, ew. przyprawa do mielonego mi\u0119sa, \u0142y\u017ceczka Vegety, 3 \u0142y\u017cki posiekanej zielonej pietruszki, p\u00f3\u0142 szklanki oleju 1.Z podanych sk\u0142adnik\u00f3w przygotowa\u0107 ciasto nale\u015bnikowe i na teflonowej patelni [&hellip;]<\/p>\n","protected":false},"author":2,"featured_media":0,"comment_status":"open","ping_status":"open","sticky":false,"template":"","format":"standard","meta":{"footnotes":""},"categories":[1],"tags":[],"_links":{"self":[{"href":"https:\/\/blog.polityka.pl\/adamczewski\/wp-json\/wp\/v2\/posts\/10681"}],"collection":[{"href":"https:\/\/blog.polityka.pl\/adamczewski\/wp-json\/wp\/v2\/posts"}],"about":[{"href":"https:\/\/blog.polityka.pl\/adamczewski\/wp-json\/wp\/v2\/types\/post"}],"author":[{"embeddable":true,"href":"https:\/\/blog.polityka.pl\/adamczewski\/wp-json\/wp\/v2\/users\/2"}],"replies":[{"embeddable":true,"href":"https:\/\/blog.polityka.pl\/adamczewski\/wp-json\/wp\/v2\/comments?post=10681"}],"version-history":[{"count":0,"href":"https:\/\/blog.polityka.pl\/adamczewski\/wp-json\/wp\/v2\/posts\/10681\/revisions"}],"wp:attachment":[{"href":"https:\/\/blog.polityka.pl\/adamczewski\/wp-json\/wp\/v2\/media?parent=10681"}],"wp:term":[{"taxonomy":"category","embeddable":true,"href":"https:\/\/blog.polityka.pl\/adamczewski\/wp-json\/wp\/v2\/categories?post=10681"},{"taxonomy":"post_tag","embeddable":true,"href":"https:\/\/blog.polityka.pl\/adamczewski\/wp-json\/wp\/v2\/tags?post=10681"}],"curies":[{"name":"wp","href":"https:\/\/api.w.org\/{rel}","templated":true}]}}