
{"id":10682,"date":"2010-10-07T17:27:55","date_gmt":"2010-10-07T16:27:55","guid":{"rendered":"http:\/\/adamczewscy.pl\/?p=2999"},"modified":"2010-10-07T17:27:55","modified_gmt":"2010-10-07T16:27:55","slug":"deser-ryzowo-serowy","status":"publish","type":"post","link":"https:\/\/blog.polityka.pl\/adamczewski\/2010\/10\/07\/deser-ryzowo-serowy\/","title":{"rendered":"Deser ry\u017cowo-serowy"},"content":{"rendered":"<p><em>Woreczek ry\u017cu do gotowania, pojemnik  200 g serka homogenizowanego,10 dag krojonych migda\u0142\u00f3w,2 jaja,14 \u0142y\u017cek cukru, olejek rumowy, \u0142y\u017ceczka startej sk\u00f3rki cytrynowej, szczypta soli.<\/em><\/p>\n<p>1. Utrze\u0107  \u017c\u00f3\u0142tka z 4 \u0142y\u017ckami cukru.<br \/>\n2. Ugotowa\u0107 ry\u017c w woreczku, zgodnie z przepisem na opakowaniu. Wymiesza\u0107 ciep\u0142y ry\u017c z utartymi \u017c\u00f3\u0142tkami, doda\u0107 start\u0105 sk\u00f3rk\u0119  cytrynow\u0105.<br \/>\n3.Serek homogenizowany wymiesza\u0107 z 6 \u0142y\u017ckami cukru, posiekanymi migda\u0142ami oraz zapachem rumowym.<br \/>\n4.Ubi\u0107 sztywn\u0105 pian\u0119 bia\u0142ek ze szczypt\u0105 soli, pod koniec dodawa\u0107 pozosta\u0142y cukier.<br \/>\n5.Wymiesza\u0107  ry\u017c  z serkiem i pian\u0105, prze\u0142o\u017cy\u0107 do salaterki i och\u0142odzi\u0107  w lod\u00f3wce.<br \/>\nDeser ten mo\u017cna podawa\u0107 z dodatkiem konfitur lub surowych albo  rozmro\u017conych mi\u0119kkich owoc\u00f3w.<\/p>\n","protected":false},"excerpt":{"rendered":"<p>Woreczek ry\u017cu do gotowania, pojemnik 200 g serka homogenizowanego,10 dag krojonych migda\u0142\u00f3w,2 jaja,14 \u0142y\u017cek cukru, olejek rumowy, \u0142y\u017ceczka startej sk\u00f3rki cytrynowej, szczypta soli. 1. Utrze\u0107 \u017c\u00f3\u0142tka z 4 \u0142y\u017ckami cukru. 2. Ugotowa\u0107 ry\u017c w woreczku, zgodnie z przepisem na opakowaniu. Wymiesza\u0107 ciep\u0142y ry\u017c z utartymi \u017c\u00f3\u0142tkami, doda\u0107 start\u0105 sk\u00f3rk\u0119 cytrynow\u0105. 3.Serek homogenizowany wymiesza\u0107 z 6 [&hellip;]<\/p>\n","protected":false},"author":2,"featured_media":0,"comment_status":"open","ping_status":"open","sticky":false,"template":"","format":"standard","meta":{"footnotes":""},"categories":[1],"tags":[],"_links":{"self":[{"href":"https:\/\/blog.polityka.pl\/adamczewski\/wp-json\/wp\/v2\/posts\/10682"}],"collection":[{"href":"https:\/\/blog.polityka.pl\/adamczewski\/wp-json\/wp\/v2\/posts"}],"about":[{"href":"https:\/\/blog.polityka.pl\/adamczewski\/wp-json\/wp\/v2\/types\/post"}],"author":[{"embeddable":true,"href":"https:\/\/blog.polityka.pl\/adamczewski\/wp-json\/wp\/v2\/users\/2"}],"replies":[{"embeddable":true,"href":"https:\/\/blog.polityka.pl\/adamczewski\/wp-json\/wp\/v2\/comments?post=10682"}],"version-history":[{"count":0,"href":"https:\/\/blog.polityka.pl\/adamczewski\/wp-json\/wp\/v2\/posts\/10682\/revisions"}],"wp:attachment":[{"href":"https:\/\/blog.polityka.pl\/adamczewski\/wp-json\/wp\/v2\/media?parent=10682"}],"wp:term":[{"taxonomy":"category","embeddable":true,"href":"https:\/\/blog.polityka.pl\/adamczewski\/wp-json\/wp\/v2\/categories?post=10682"},{"taxonomy":"post_tag","embeddable":true,"href":"https:\/\/blog.polityka.pl\/adamczewski\/wp-json\/wp\/v2\/tags?post=10682"}],"curies":[{"name":"wp","href":"https:\/\/api.w.org\/{rel}","templated":true}]}}