
{"id":10683,"date":"2010-10-07T17:28:47","date_gmt":"2010-10-07T16:28:47","guid":{"rendered":"http:\/\/adamczewscy.pl\/?p=3001"},"modified":"2010-10-07T17:28:47","modified_gmt":"2010-10-07T16:28:47","slug":"chrupiace-nalesniki","status":"publish","type":"post","link":"https:\/\/blog.polityka.pl\/adamczewski\/2010\/10\/07\/chrupiace-nalesniki\/","title":{"rendered":"Chrupi\u0105ce nale\u015bniki"},"content":{"rendered":"<p><em>Na nale\u015bniki: p\u00f3\u0142torej szklanki m\u0105ki,2 jaja, szklanka mleka, szklanka wody mineralnej z gazem lub bez, \u0142y\u017cka rozpuszczonego mas\u0142a, sk\u00f3rka otarta z cytryny, , 2 krople olejku waniliowego, spora szczypta soli<br \/>\nDo sma\u017cenia nale\u015bnik\u00f3w : \u0142y\u017cka oliwy<br \/>\nNa farsz: 20 dag p\u00f3\u0142t\u0142ustego twarogu,2 \u017c\u00f3\u0142tka,2 \u0142y\u017cki mleka lub 12-proc.\u015bmietanki,\u0142y\u017cka cukru(lub wi\u0119cej, wed\u0142ug smaku) \u0142y\u017ceczka otartej z cytryny sk\u00f3rki<br \/>\nDo sma\u017cenia: 2 bia\u0142ka,3 \u0142y\u017cki tartej bu\u0142ki,3 \u0142y\u017cki p\u0142atk\u00f3w migda\u0142owych, mas\u0142o do sma\u017cenia lub mas\u0142o z oliw\u0105<\/em><\/p>\n<p>1.Zmiksowa\u0107 sk\u0142adniki  ciasta na nale\u015bniki. Odstawi\u0107  na 20minut.<br \/>\n2.Patelni\u0119 smarowa\u0107 olejem przy pomocy p\u0119dzelka, sma\u017cy\u0107 cienkie nale\u015bniki, odk\u0142ada\u0107 na talerz.<br \/>\n3.Zmiksowac twar\u00f3g z mlekiem lub \u015bmietank\u0105, cukrem i sk\u00f3rk\u0105 cytrynow\u0105.<br \/>\n4.Smarowa\u0107 farszem nale\u015bniki, sk\u0142ada\u0107 w czworok\u0105t.<br \/>\n5 Ubi\u0107 lekko bia\u0142ka, migda\u0142owe p\u0142atki wymiesza\u0107 z tart\u0105 bu\u0142k\u0105.<br \/>\n6.Z\u0142ozone  nale\u015bniki macza\u0107 najpierw w ubitym bia\u0142ku, nast\u0119pnie w tartej bulce z migda\u0142ami i sma\u017cy\u0107 na chrupko na rozgrzanym  t\u0142uszczu. Od razu podawa\u0107.<\/p>\n","protected":false},"excerpt":{"rendered":"<p>Na nale\u015bniki: p\u00f3\u0142torej szklanki m\u0105ki,2 jaja, szklanka mleka, szklanka wody mineralnej z gazem lub bez, \u0142y\u017cka rozpuszczonego mas\u0142a, sk\u00f3rka otarta z cytryny, , 2 krople olejku waniliowego, spora szczypta soli Do sma\u017cenia nale\u015bnik\u00f3w : \u0142y\u017cka oliwy Na farsz: 20 dag p\u00f3\u0142t\u0142ustego twarogu,2 \u017c\u00f3\u0142tka,2 \u0142y\u017cki mleka lub 12-proc.\u015bmietanki,\u0142y\u017cka cukru(lub wi\u0119cej, wed\u0142ug smaku) \u0142y\u017ceczka otartej z cytryny [&hellip;]<\/p>\n","protected":false},"author":2,"featured_media":0,"comment_status":"open","ping_status":"open","sticky":false,"template":"","format":"standard","meta":{"footnotes":""},"categories":[1],"tags":[],"_links":{"self":[{"href":"https:\/\/blog.polityka.pl\/adamczewski\/wp-json\/wp\/v2\/posts\/10683"}],"collection":[{"href":"https:\/\/blog.polityka.pl\/adamczewski\/wp-json\/wp\/v2\/posts"}],"about":[{"href":"https:\/\/blog.polityka.pl\/adamczewski\/wp-json\/wp\/v2\/types\/post"}],"author":[{"embeddable":true,"href":"https:\/\/blog.polityka.pl\/adamczewski\/wp-json\/wp\/v2\/users\/2"}],"replies":[{"embeddable":true,"href":"https:\/\/blog.polityka.pl\/adamczewski\/wp-json\/wp\/v2\/comments?post=10683"}],"version-history":[{"count":0,"href":"https:\/\/blog.polityka.pl\/adamczewski\/wp-json\/wp\/v2\/posts\/10683\/revisions"}],"wp:attachment":[{"href":"https:\/\/blog.polityka.pl\/adamczewski\/wp-json\/wp\/v2\/media?parent=10683"}],"wp:term":[{"taxonomy":"category","embeddable":true,"href":"https:\/\/blog.polityka.pl\/adamczewski\/wp-json\/wp\/v2\/categories?post=10683"},{"taxonomy":"post_tag","embeddable":true,"href":"https:\/\/blog.polityka.pl\/adamczewski\/wp-json\/wp\/v2\/tags?post=10683"}],"curies":[{"name":"wp","href":"https:\/\/api.w.org\/{rel}","templated":true}]}}