
{"id":10685,"date":"2010-10-15T05:57:35","date_gmt":"2010-10-15T04:57:35","guid":{"rendered":"http:\/\/adamczewscy.pl\/?p=3004"},"modified":"2010-10-15T05:57:35","modified_gmt":"2010-10-15T04:57:35","slug":"zupa-jarzynowa-zaprawiana-serem-topionym","status":"publish","type":"post","link":"https:\/\/blog.polityka.pl\/adamczewski\/2010\/10\/15\/zupa-jarzynowa-zaprawiana-serem-topionym\/","title":{"rendered":"Zupa jarzynowa zaprawiana serem topionym"},"content":{"rendered":"<p><em>5 ziemniak\u00f3w, 4 marchwie, \u0142y\u017cka oleju, 3 szklanki bulionu ciel\u0119cego lub drobiowego (mo\u017ce by\u0107 z kostki), 2 \u0142y\u017cki posiekanego szczypiorku, s\u00f3l, pieprz do smaku. Do zaprawienia zupy: 15 dag serka topionego z dodatkiem papryki. <\/em><\/p>\n<p>1. Cebule pokroi\u0107 w drobniutk\u0105 kostk\u0119. Ziemniaki i marchew obra\u0107, pokroi\u0107 w kostk\u0119.<br \/>\n2. W garnku rozgrza\u0107 olej, zeszkli\u0107 na nim pokrojon\u0105 cebul\u0119, doda\u0107 marchew i ziemniaki, chwil\u0119 podsma\u017ca\u0107, dola\u0107 bulion, kiedy si\u0119 zagotuje nakry\u0107 pokrywk\u0105 i gotowa\u0107 oko\u0142o 15 minut.<br \/>\n3. Lekko ostudzi\u0107 zup\u0119, zmiksowa\u0107. Topiony ser pokroi\u0107 na kawa\u0142eczki, doda\u0107 do gor\u0105cej zupy i mieszaj\u0105c oraz podgrzewaj\u0105c rozpu\u015bci\u0107. Doprawi\u0107 sol\u0105 i pieprzem.<br \/>\nPodawa\u0107 zup\u0119 posypan\u0105 siekanym szczypiorkiem. <\/p>\n","protected":false},"excerpt":{"rendered":"<p>5 ziemniak\u00f3w, 4 marchwie, \u0142y\u017cka oleju, 3 szklanki bulionu ciel\u0119cego lub drobiowego (mo\u017ce by\u0107 z kostki), 2 \u0142y\u017cki posiekanego szczypiorku, s\u00f3l, pieprz do smaku. Do zaprawienia zupy: 15 dag serka topionego z dodatkiem papryki. 1. Cebule pokroi\u0107 w drobniutk\u0105 kostk\u0119. Ziemniaki i marchew obra\u0107, pokroi\u0107 w kostk\u0119. 2. W garnku rozgrza\u0107 olej, zeszkli\u0107 na nim [&hellip;]<\/p>\n","protected":false},"author":2,"featured_media":0,"comment_status":"open","ping_status":"open","sticky":false,"template":"","format":"standard","meta":{"footnotes":""},"categories":[1],"tags":[],"_links":{"self":[{"href":"https:\/\/blog.polityka.pl\/adamczewski\/wp-json\/wp\/v2\/posts\/10685"}],"collection":[{"href":"https:\/\/blog.polityka.pl\/adamczewski\/wp-json\/wp\/v2\/posts"}],"about":[{"href":"https:\/\/blog.polityka.pl\/adamczewski\/wp-json\/wp\/v2\/types\/post"}],"author":[{"embeddable":true,"href":"https:\/\/blog.polityka.pl\/adamczewski\/wp-json\/wp\/v2\/users\/2"}],"replies":[{"embeddable":true,"href":"https:\/\/blog.polityka.pl\/adamczewski\/wp-json\/wp\/v2\/comments?post=10685"}],"version-history":[{"count":0,"href":"https:\/\/blog.polityka.pl\/adamczewski\/wp-json\/wp\/v2\/posts\/10685\/revisions"}],"wp:attachment":[{"href":"https:\/\/blog.polityka.pl\/adamczewski\/wp-json\/wp\/v2\/media?parent=10685"}],"wp:term":[{"taxonomy":"category","embeddable":true,"href":"https:\/\/blog.polityka.pl\/adamczewski\/wp-json\/wp\/v2\/categories?post=10685"},{"taxonomy":"post_tag","embeddable":true,"href":"https:\/\/blog.polityka.pl\/adamczewski\/wp-json\/wp\/v2\/tags?post=10685"}],"curies":[{"name":"wp","href":"https:\/\/api.w.org\/{rel}","templated":true}]}}