
{"id":10687,"date":"2010-10-15T05:58:42","date_gmt":"2010-10-15T04:58:42","guid":{"rendered":"http:\/\/adamczewscy.pl\/?p=3006"},"modified":"2010-10-15T05:58:42","modified_gmt":"2010-10-15T04:58:42","slug":"sernik-czy-szarlotka-2","status":"publish","type":"post","link":"https:\/\/blog.polityka.pl\/adamczewski\/2010\/10\/15\/sernik-czy-szarlotka-2\/","title":{"rendered":"Sernik czy szarlotka?"},"content":{"rendered":"<p><em>60 dag twarogu p\u00f3\u0142t\u0142ustego, ? szklanki cukru, 10 dag mas\u0142a, 4 jaja, p\u00f3\u0142 szklanki kaszy manny, 60 dag kwa\u015bnych jab\u0142ek, \u0142y\u017ceczka mas\u0142a do posmarowania formy, cukier waniliowy oraz cynamon<br \/>\nDo posypania: 2 \u0142y\u017cki cukru pudru<\/em><\/p>\n<p>1. Mas\u0142o zmiksowa\u0107 z \u017c\u00f3\u0142tkami, twarogiem i cukrem na g\u0142adk\u0105 mas\u0119. Dodawa\u0107 po \u0142y\u017cce kasz\u0119 mann\u0119 i dok\u0142adnie wymiesza\u0107.<br \/>\n2. Bia\u0142ka ubi\u0107 ze szczypt\u0105 soli na sztywn\u0105 pian\u0119, doda\u0107 do serowej masy i wymiesza\u0107 bardzo ostro\u017cnie.<br \/>\n3. W posmarowanej mas\u0142em formie u\u0142o\u017cy\u0107 warstw\u0119 obranych i pokrojonych na \u0107wiartki jab\u0142ek, doprawi\u0107 cynamonem oraz cukrem waniliowym. Na jab\u0142ka wy\u0142o\u017cy\u0107 mas\u0119 serow\u0105.<br \/>\n4. W nagrzanym do 200 st. C piekarniku piec ciasto godzin\u0119. Po upieczeniu posypa\u0107 przez sitko cukrem pudrem i od razu podawa\u0107. <\/p>\n","protected":false},"excerpt":{"rendered":"<p>60 dag twarogu p\u00f3\u0142t\u0142ustego, ? szklanki cukru, 10 dag mas\u0142a, 4 jaja, p\u00f3\u0142 szklanki kaszy manny, 60 dag kwa\u015bnych jab\u0142ek, \u0142y\u017ceczka mas\u0142a do posmarowania formy, cukier waniliowy oraz cynamon Do posypania: 2 \u0142y\u017cki cukru pudru 1. Mas\u0142o zmiksowa\u0107 z \u017c\u00f3\u0142tkami, twarogiem i cukrem na g\u0142adk\u0105 mas\u0119. Dodawa\u0107 po \u0142y\u017cce kasz\u0119 mann\u0119 i dok\u0142adnie wymiesza\u0107. 2. [&hellip;]<\/p>\n","protected":false},"author":2,"featured_media":0,"comment_status":"open","ping_status":"open","sticky":false,"template":"","format":"standard","meta":{"footnotes":""},"categories":[1],"tags":[],"_links":{"self":[{"href":"https:\/\/blog.polityka.pl\/adamczewski\/wp-json\/wp\/v2\/posts\/10687"}],"collection":[{"href":"https:\/\/blog.polityka.pl\/adamczewski\/wp-json\/wp\/v2\/posts"}],"about":[{"href":"https:\/\/blog.polityka.pl\/adamczewski\/wp-json\/wp\/v2\/types\/post"}],"author":[{"embeddable":true,"href":"https:\/\/blog.polityka.pl\/adamczewski\/wp-json\/wp\/v2\/users\/2"}],"replies":[{"embeddable":true,"href":"https:\/\/blog.polityka.pl\/adamczewski\/wp-json\/wp\/v2\/comments?post=10687"}],"version-history":[{"count":0,"href":"https:\/\/blog.polityka.pl\/adamczewski\/wp-json\/wp\/v2\/posts\/10687\/revisions"}],"wp:attachment":[{"href":"https:\/\/blog.polityka.pl\/adamczewski\/wp-json\/wp\/v2\/media?parent=10687"}],"wp:term":[{"taxonomy":"category","embeddable":true,"href":"https:\/\/blog.polityka.pl\/adamczewski\/wp-json\/wp\/v2\/categories?post=10687"},{"taxonomy":"post_tag","embeddable":true,"href":"https:\/\/blog.polityka.pl\/adamczewski\/wp-json\/wp\/v2\/tags?post=10687"}],"curies":[{"name":"wp","href":"https:\/\/api.w.org\/{rel}","templated":true}]}}