
{"id":10688,"date":"2010-10-15T05:59:10","date_gmt":"2010-10-15T04:59:10","guid":{"rendered":"http:\/\/adamczewscy.pl\/?p=3007"},"modified":"2010-10-15T05:59:10","modified_gmt":"2010-10-15T04:59:10","slug":"bananowy-sernik","status":"publish","type":"post","link":"https:\/\/blog.polityka.pl\/adamczewski\/2010\/10\/15\/bananowy-sernik\/","title":{"rendered":"Bananowy sernik"},"content":{"rendered":"<p><em>50 dag sera mascarpone, 6 banan\u00f3w, 2 jaja, 6 \u0142y\u017cek cukru, p\u00f3\u0142torej \u0142y\u017cki mas\u0142a, 2 \u0142y\u017cki serka homogenizowanego,<br \/>\nOpakowanie ciasta francuskiego, torebka galaretki truskawkowej<\/em><\/p>\n<p>1. Wy\u0142o\u017cy\u0107 blaszk\u0119 papierem do wypiek\u00f3w a na nim po\u0142o\u017cy\u0107 ciasto francuskie formuj\u0105c brzegi wok\u00f3\u0142, ponak\u0142uwa\u0107 ciasto widelcem. Upiec na z\u0142ocisto (oko\u0142o 20 minut w temperaturze 180 st. C). Ostudzi\u0107.<br \/>\n2. Mas\u0142o rozgrza\u0107 na patelni z 3 \u0142y\u017ckami cukru i podsma\u017cy\u0107 na tej mieszance 4 obrane banany. Powinny si\u0119 lekko zrumieni\u0107. Ostudzi\u0107 i zmiksowa\u0107 banany.<br \/>\n3. Utrze\u0107 \u017c\u00f3\u0142tka z 3 \u0142y\u017ckami cukru, doda\u0107 mascarpone i serek homogenizowany oraz zmiksowane banany, dok\u0142adnie wymiesza\u0107 mas\u0119 .<br \/>\n4. Ubi\u0107 sztywn\u0105 pian\u0119 z bia\u0142ek, doda\u0107 do masy i starannie wymiesza\u0107, po czym wy\u0142o\u017cy\u0107 na ciasto i wstawi\u0107 na 2 godziny do lod\u00f3wki.<br \/>\n5. Przygotowa\u0107 galaretk\u0119 z po\u0142ow\u0105 szklanki wody, odstawi\u0107, aby zacz\u0119\u0142a t\u0119\u017ce\u0107.<br \/>\n6. Wierzch sernika przybra\u0107 plasterkami pozostawionych 2 banan\u00f3w, zala\u0107 wierzch t\u0119\u017cej\u0105c\u0105 galaretk\u0105 i jeszcze chwil\u0119 studzi\u0107 w lod\u00f3wce. <\/p>\n","protected":false},"excerpt":{"rendered":"<p>50 dag sera mascarpone, 6 banan\u00f3w, 2 jaja, 6 \u0142y\u017cek cukru, p\u00f3\u0142torej \u0142y\u017cki mas\u0142a, 2 \u0142y\u017cki serka homogenizowanego, Opakowanie ciasta francuskiego, torebka galaretki truskawkowej 1. Wy\u0142o\u017cy\u0107 blaszk\u0119 papierem do wypiek\u00f3w a na nim po\u0142o\u017cy\u0107 ciasto francuskie formuj\u0105c brzegi wok\u00f3\u0142, ponak\u0142uwa\u0107 ciasto widelcem. Upiec na z\u0142ocisto (oko\u0142o 20 minut w temperaturze 180 st. C). Ostudzi\u0107. 2. [&hellip;]<\/p>\n","protected":false},"author":2,"featured_media":0,"comment_status":"open","ping_status":"open","sticky":false,"template":"","format":"standard","meta":{"footnotes":""},"categories":[1],"tags":[],"_links":{"self":[{"href":"https:\/\/blog.polityka.pl\/adamczewski\/wp-json\/wp\/v2\/posts\/10688"}],"collection":[{"href":"https:\/\/blog.polityka.pl\/adamczewski\/wp-json\/wp\/v2\/posts"}],"about":[{"href":"https:\/\/blog.polityka.pl\/adamczewski\/wp-json\/wp\/v2\/types\/post"}],"author":[{"embeddable":true,"href":"https:\/\/blog.polityka.pl\/adamczewski\/wp-json\/wp\/v2\/users\/2"}],"replies":[{"embeddable":true,"href":"https:\/\/blog.polityka.pl\/adamczewski\/wp-json\/wp\/v2\/comments?post=10688"}],"version-history":[{"count":0,"href":"https:\/\/blog.polityka.pl\/adamczewski\/wp-json\/wp\/v2\/posts\/10688\/revisions"}],"wp:attachment":[{"href":"https:\/\/blog.polityka.pl\/adamczewski\/wp-json\/wp\/v2\/media?parent=10688"}],"wp:term":[{"taxonomy":"category","embeddable":true,"href":"https:\/\/blog.polityka.pl\/adamczewski\/wp-json\/wp\/v2\/categories?post=10688"},{"taxonomy":"post_tag","embeddable":true,"href":"https:\/\/blog.polityka.pl\/adamczewski\/wp-json\/wp\/v2\/tags?post=10688"}],"curies":[{"name":"wp","href":"https:\/\/api.w.org\/{rel}","templated":true}]}}