
{"id":10689,"date":"2010-10-15T05:59:38","date_gmt":"2010-10-15T04:59:38","guid":{"rendered":"http:\/\/adamczewscy.pl\/?p=3008"},"modified":"2010-10-15T05:59:38","modified_gmt":"2010-10-15T04:59:38","slug":"makaron-z-parmezanem-i-pieczarkami","status":"publish","type":"post","link":"https:\/\/blog.polityka.pl\/adamczewski\/2010\/10\/15\/makaron-z-parmezanem-i-pieczarkami\/","title":{"rendered":"Makaron z parmezanem i pieczarkami"},"content":{"rendered":"<p><em>Opakowanie makaronu rurki, 30 dag ma\u0142ych pieczarek, sok z ca\u0142ej cytryny, 2 \u0142y\u017cki posiekanego szczypiorku, 3\/4 szklanki \u015bmietany, szklanka roso\u0142u (mo\u017ce by\u0107 z kostki), z\u0105bek czosnku, 2 \u0142y\u017cki mas\u0142a, 3\/4 szklanki startego na cienkie paski parmezanu, pieprz, s\u00f3l. Do przybrania : 2 \u0142y\u017cki posiekanego szczypiorku<\/em><\/p>\n<p>1. Na patelni roztopi\u0107 p\u00f3\u0142 \u0142y\u017cki mas\u0142a, podsma\u017cy\u0107 umyte i os\u0105czone oraz skropione \u0142y\u017ck\u0105 soku cytrynowego i poprzekrawane na \u0107wiartki pieczarki, doprawi\u0107 pieprzem i sol\u0105.<br \/>\n2. Rozgrza\u0107 na patelni \u0142y\u017ck\u0119 mas\u0142a i usma\u017cy\u0107 na nim pieczarki doprawiaj\u0105c sol\u0105 i pieprzem.<br \/>\n3. W szerokim garnku rozgrza\u0107 \u0142y\u017ck\u0119 mas\u0142a doda\u0107 przeci\u015bni\u0119ty przez prask\u0119 czosnek, chwil\u0119 dusi\u0107, doda\u0107 \u015bmietan\u0119 i ros\u00f3\u0142. Gotowa\u0107 kilka minut, aby utworzy\u0142 si\u0119 g\u0142adki krem. Doprawi\u0107, sol\u0105 i pieprzem oraz pozosta\u0142ym sokiem cytrynowym.<br \/>\n4. Po\u0142\u0105czy\u0107 kremowy sos z usma\u017conymi pieczarkami.<br \/>\n5. Ugotowa\u0107 makaron al dente, po odcedzeniu w\u0142o\u017cy\u0107 do garnka z sosem, wymiesza\u0107, doda\u0107 starty na paski parmezan i lekko wymiesza\u0107. Podaj\u0105c posypa\u0107 posiekanym szczypiorkiem. <\/p>\n","protected":false},"excerpt":{"rendered":"<p>Opakowanie makaronu rurki, 30 dag ma\u0142ych pieczarek, sok z ca\u0142ej cytryny, 2 \u0142y\u017cki posiekanego szczypiorku, 3\/4 szklanki \u015bmietany, szklanka roso\u0142u (mo\u017ce by\u0107 z kostki), z\u0105bek czosnku, 2 \u0142y\u017cki mas\u0142a, 3\/4 szklanki startego na cienkie paski parmezanu, pieprz, s\u00f3l. Do przybrania : 2 \u0142y\u017cki posiekanego szczypiorku 1. Na patelni roztopi\u0107 p\u00f3\u0142 \u0142y\u017cki mas\u0142a, podsma\u017cy\u0107 umyte i [&hellip;]<\/p>\n","protected":false},"author":2,"featured_media":0,"comment_status":"open","ping_status":"open","sticky":false,"template":"","format":"standard","meta":{"footnotes":""},"categories":[1],"tags":[],"_links":{"self":[{"href":"https:\/\/blog.polityka.pl\/adamczewski\/wp-json\/wp\/v2\/posts\/10689"}],"collection":[{"href":"https:\/\/blog.polityka.pl\/adamczewski\/wp-json\/wp\/v2\/posts"}],"about":[{"href":"https:\/\/blog.polityka.pl\/adamczewski\/wp-json\/wp\/v2\/types\/post"}],"author":[{"embeddable":true,"href":"https:\/\/blog.polityka.pl\/adamczewski\/wp-json\/wp\/v2\/users\/2"}],"replies":[{"embeddable":true,"href":"https:\/\/blog.polityka.pl\/adamczewski\/wp-json\/wp\/v2\/comments?post=10689"}],"version-history":[{"count":0,"href":"https:\/\/blog.polityka.pl\/adamczewski\/wp-json\/wp\/v2\/posts\/10689\/revisions"}],"wp:attachment":[{"href":"https:\/\/blog.polityka.pl\/adamczewski\/wp-json\/wp\/v2\/media?parent=10689"}],"wp:term":[{"taxonomy":"category","embeddable":true,"href":"https:\/\/blog.polityka.pl\/adamczewski\/wp-json\/wp\/v2\/categories?post=10689"},{"taxonomy":"post_tag","embeddable":true,"href":"https:\/\/blog.polityka.pl\/adamczewski\/wp-json\/wp\/v2\/tags?post=10689"}],"curies":[{"name":"wp","href":"https:\/\/api.w.org\/{rel}","templated":true}]}}