
{"id":10690,"date":"2010-10-15T06:00:06","date_gmt":"2010-10-15T05:00:06","guid":{"rendered":"http:\/\/adamczewscy.pl\/?p=3009"},"modified":"2010-10-15T06:00:06","modified_gmt":"2010-10-15T05:00:06","slug":"jasno-ciemne-ciasto-z-serem","status":"publish","type":"post","link":"https:\/\/blog.polityka.pl\/adamczewski\/2010\/10\/15\/jasno-ciemne-ciasto-z-serem\/","title":{"rendered":"Jasno-ciemne ciasto z serem"},"content":{"rendered":"<p><em>Na ciemne ciasto:2 szklanki m\u0105ki, 2 jaja, szklanka cukru, 3\/4 szklanki oleju, 3 \u0142y\u017cki ciemnego kakao, szklanka mleka, 2 \u0142y\u017cki powide\u0142 \u015bliwkowych, \u0142y\u017ceczka oczyszczonej sody i \u0142y\u017ceczka proszku do pieczenia<br \/>\nNa jasn\u0105 mas\u0119 serow\u0105: 50 dag  sera trzykrotnie mielonego, 6 \u0142y\u017cek cukru, 3 jaja, p\u00f3\u0142 kostki mas\u0142a, 2 \u0142y\u017cki m\u0105ki ziemniaczanej, kilka kropli olejku waniliowego<\/em><\/p>\n<p>1. Zmiksowa\u0107 wszystkie sk\u0142adniki ciemnego ciasta. Prze\u0142o\u017cy\u0107 do wy\u0142o\u017conej papierem do wypiek\u00f3w formy (ok. 20&#215;30 cm).<br \/>\n2. Ucieraj\u0105c mas\u0142o mikserem dodawa\u0107 po kolei \u017c\u00f3\u0142tka, ser trzykrotnie mielony, cukier, oraz m\u0105k\u0119 i olejek waniliowy.<br \/>\n3. Ubi\u0107 bardzo sztywn\u0105 pian\u0119 z bia\u0142ek i doda\u0107, ostro\u017cnie mieszaj\u0105c, do masy serowej.<br \/>\n4. Wy\u0142o\u017cy\u0107 mas\u0119 serow\u0105 na ciemne ciasto.<br \/>\n5. Nagrza\u0107 piekarnik do temperatury 180 st C i piec ciasto oko\u0142o 40minut. <\/p>\n","protected":false},"excerpt":{"rendered":"<p>Na ciemne ciasto:2 szklanki m\u0105ki, 2 jaja, szklanka cukru, 3\/4 szklanki oleju, 3 \u0142y\u017cki ciemnego kakao, szklanka mleka, 2 \u0142y\u017cki powide\u0142 \u015bliwkowych, \u0142y\u017ceczka oczyszczonej sody i \u0142y\u017ceczka proszku do pieczenia Na jasn\u0105 mas\u0119 serow\u0105: 50 dag sera trzykrotnie mielonego, 6 \u0142y\u017cek cukru, 3 jaja, p\u00f3\u0142 kostki mas\u0142a, 2 \u0142y\u017cki m\u0105ki ziemniaczanej, kilka kropli olejku waniliowego [&hellip;]<\/p>\n","protected":false},"author":2,"featured_media":0,"comment_status":"open","ping_status":"open","sticky":false,"template":"","format":"standard","meta":{"footnotes":""},"categories":[1],"tags":[],"_links":{"self":[{"href":"https:\/\/blog.polityka.pl\/adamczewski\/wp-json\/wp\/v2\/posts\/10690"}],"collection":[{"href":"https:\/\/blog.polityka.pl\/adamczewski\/wp-json\/wp\/v2\/posts"}],"about":[{"href":"https:\/\/blog.polityka.pl\/adamczewski\/wp-json\/wp\/v2\/types\/post"}],"author":[{"embeddable":true,"href":"https:\/\/blog.polityka.pl\/adamczewski\/wp-json\/wp\/v2\/users\/2"}],"replies":[{"embeddable":true,"href":"https:\/\/blog.polityka.pl\/adamczewski\/wp-json\/wp\/v2\/comments?post=10690"}],"version-history":[{"count":0,"href":"https:\/\/blog.polityka.pl\/adamczewski\/wp-json\/wp\/v2\/posts\/10690\/revisions"}],"wp:attachment":[{"href":"https:\/\/blog.polityka.pl\/adamczewski\/wp-json\/wp\/v2\/media?parent=10690"}],"wp:term":[{"taxonomy":"category","embeddable":true,"href":"https:\/\/blog.polityka.pl\/adamczewski\/wp-json\/wp\/v2\/categories?post=10690"},{"taxonomy":"post_tag","embeddable":true,"href":"https:\/\/blog.polityka.pl\/adamczewski\/wp-json\/wp\/v2\/tags?post=10690"}],"curies":[{"name":"wp","href":"https:\/\/api.w.org\/{rel}","templated":true}]}}