
{"id":10691,"date":"2010-10-22T06:20:52","date_gmt":"2010-10-22T05:20:52","guid":{"rendered":"http:\/\/adamczewscy.pl\/?p=3011"},"modified":"2010-10-22T06:20:52","modified_gmt":"2010-10-22T05:20:52","slug":"sznycle-z-mozzarella","status":"publish","type":"post","link":"https:\/\/blog.polityka.pl\/adamczewski\/2010\/10\/22\/sznycle-z-mozzarella\/","title":{"rendered":"Sznycle z mozzarell\u0105"},"content":{"rendered":"<p><em>4 plastry ciel\u0119ciny z ud\u017aca, 2 cebule, 30 dag pieczarek, 3 \u0142y\u017cki oliwy, kostka bulionu warzywnego, 2 pomidory, 15 dag mozzarelli, \u0142y\u017cka porwanych listk\u00f3w bazylii, spora szczypta suszonego oregano, s\u00f3l, pieprz<\/em><\/p>\n<p>1. Plastry mi\u0119sa zbi\u0107 t\u0142uczkiem nadaj\u0105c im owalny kszta\u0142t, opr\u00f3szy\u0107 oregano, sol\u0105 i pieprzem.<br \/>\n2. Rozgrza\u0107 oliw\u0119 na patelni usma\u017cy\u0107 na niej kotlety z obu stron, prze\u0142o\u017cy\u0107 do \u017caroodpornego naczynia,  a na patelni poddusi\u0107 posiekan\u0105 cebul\u0119 i pokrojone pieczarki, posypa\u0107 pokruszon\u0105  kostk\u0105 bulionow\u0105. U\u0142o\u017cy\u0107 pieczarki na kotletach.<br \/>\n3. Pomidory pokroi\u0107 na plastry, u\u0142o\u017cy\u0107 na mi\u0119sie, pokrojon\u0105 na plastry mozzarell\u0119 u\u0142o\u017cy\u0107 na pomidorach.<br \/>\n4. Nagrza\u0107 piekarnik do temperatury 180 st. C i piec potraw\u0119 15 minut, po upieczeniu posypa\u0107 bazyli\u0105. <\/p>\n","protected":false},"excerpt":{"rendered":"<p>4 plastry ciel\u0119ciny z ud\u017aca, 2 cebule, 30 dag pieczarek, 3 \u0142y\u017cki oliwy, kostka bulionu warzywnego, 2 pomidory, 15 dag mozzarelli, \u0142y\u017cka porwanych listk\u00f3w bazylii, spora szczypta suszonego oregano, s\u00f3l, pieprz 1. Plastry mi\u0119sa zbi\u0107 t\u0142uczkiem nadaj\u0105c im owalny kszta\u0142t, opr\u00f3szy\u0107 oregano, sol\u0105 i pieprzem. 2. Rozgrza\u0107 oliw\u0119 na patelni usma\u017cy\u0107 na niej kotlety z [&hellip;]<\/p>\n","protected":false},"author":2,"featured_media":0,"comment_status":"open","ping_status":"open","sticky":false,"template":"","format":"standard","meta":{"footnotes":""},"categories":[1],"tags":[],"_links":{"self":[{"href":"https:\/\/blog.polityka.pl\/adamczewski\/wp-json\/wp\/v2\/posts\/10691"}],"collection":[{"href":"https:\/\/blog.polityka.pl\/adamczewski\/wp-json\/wp\/v2\/posts"}],"about":[{"href":"https:\/\/blog.polityka.pl\/adamczewski\/wp-json\/wp\/v2\/types\/post"}],"author":[{"embeddable":true,"href":"https:\/\/blog.polityka.pl\/adamczewski\/wp-json\/wp\/v2\/users\/2"}],"replies":[{"embeddable":true,"href":"https:\/\/blog.polityka.pl\/adamczewski\/wp-json\/wp\/v2\/comments?post=10691"}],"version-history":[{"count":0,"href":"https:\/\/blog.polityka.pl\/adamczewski\/wp-json\/wp\/v2\/posts\/10691\/revisions"}],"wp:attachment":[{"href":"https:\/\/blog.polityka.pl\/adamczewski\/wp-json\/wp\/v2\/media?parent=10691"}],"wp:term":[{"taxonomy":"category","embeddable":true,"href":"https:\/\/blog.polityka.pl\/adamczewski\/wp-json\/wp\/v2\/categories?post=10691"},{"taxonomy":"post_tag","embeddable":true,"href":"https:\/\/blog.polityka.pl\/adamczewski\/wp-json\/wp\/v2\/tags?post=10691"}],"curies":[{"name":"wp","href":"https:\/\/api.w.org\/{rel}","templated":true}]}}