
{"id":10692,"date":"2010-10-22T06:21:20","date_gmt":"2010-10-22T05:21:20","guid":{"rendered":"http:\/\/adamczewscy.pl\/?p=3012"},"modified":"2010-10-22T06:21:20","modified_gmt":"2010-10-22T05:21:20","slug":"losos-z-serem","status":"publish","type":"post","link":"https:\/\/blog.polityka.pl\/adamczewski\/2010\/10\/22\/losos-z-serem\/","title":{"rendered":"\u0141oso\u015b z serem"},"content":{"rendered":"<p><em>50 dag fileta z \u0142ososia, s\u00f3l, 14 dag sera owczego, p\u00f3\u0142 opakowania szpinaku baby, p\u00f3\u0142 melona, 3 \u0142y\u017cki siekanego szczypiorku, p\u00f3\u0142 \u0142y\u017ceczki  ziaren czerwonego pieprzu.<br \/>\nNa sos: \u0142y\u017ceczka francuskiej musztardy, p\u00f3\u0142 szklanki oliwy, sok z cytryny, \u0142y\u017ceczka miodu, s\u00f3l, \u015bwie\u017co zmielony bia\u0142y pieprz, cukier do smaku<\/em><\/p>\n<p>1. Filet pokroi\u0107 na porcje, u\u0142o\u017cy\u0107 na ruszcie i piec w piekarniku 10 minut w temperaturze 220 st. C.<br \/>\n2. Szpinak umy\u0107, osuszy\u0107, u\u0142o\u017cy\u0107 na p\u00f3\u0142misku \u017caroodpornym, na nim u\u0142o\u017cy\u0107 upieczone kawa\u0142ki \u0142ososia, ob\u0142o\u017cy\u0107 kawa\u0142kami melona.<br \/>\n3. Ser owczy zetrze\u0107 na grubej tarce jarzynowej. Posypa\u0107 ryb\u0119 serem i czerwonym pieprzem.<br \/>\n4. Utrze\u0107 sk\u0142adniki sosu, pola\u0107 nim ryb\u0119 i zapieka\u0107 5 minut w gor\u0105cym piekarniku. Podawa\u0107 posypan\u0105 siekanym szczypiorkiem. <\/p>\n","protected":false},"excerpt":{"rendered":"<p>50 dag fileta z \u0142ososia, s\u00f3l, 14 dag sera owczego, p\u00f3\u0142 opakowania szpinaku baby, p\u00f3\u0142 melona, 3 \u0142y\u017cki siekanego szczypiorku, p\u00f3\u0142 \u0142y\u017ceczki ziaren czerwonego pieprzu. Na sos: \u0142y\u017ceczka francuskiej musztardy, p\u00f3\u0142 szklanki oliwy, sok z cytryny, \u0142y\u017ceczka miodu, s\u00f3l, \u015bwie\u017co zmielony bia\u0142y pieprz, cukier do smaku 1. Filet pokroi\u0107 na porcje, u\u0142o\u017cy\u0107 na ruszcie i [&hellip;]<\/p>\n","protected":false},"author":2,"featured_media":0,"comment_status":"open","ping_status":"open","sticky":false,"template":"","format":"standard","meta":{"footnotes":""},"categories":[1],"tags":[],"_links":{"self":[{"href":"https:\/\/blog.polityka.pl\/adamczewski\/wp-json\/wp\/v2\/posts\/10692"}],"collection":[{"href":"https:\/\/blog.polityka.pl\/adamczewski\/wp-json\/wp\/v2\/posts"}],"about":[{"href":"https:\/\/blog.polityka.pl\/adamczewski\/wp-json\/wp\/v2\/types\/post"}],"author":[{"embeddable":true,"href":"https:\/\/blog.polityka.pl\/adamczewski\/wp-json\/wp\/v2\/users\/2"}],"replies":[{"embeddable":true,"href":"https:\/\/blog.polityka.pl\/adamczewski\/wp-json\/wp\/v2\/comments?post=10692"}],"version-history":[{"count":0,"href":"https:\/\/blog.polityka.pl\/adamczewski\/wp-json\/wp\/v2\/posts\/10692\/revisions"}],"wp:attachment":[{"href":"https:\/\/blog.polityka.pl\/adamczewski\/wp-json\/wp\/v2\/media?parent=10692"}],"wp:term":[{"taxonomy":"category","embeddable":true,"href":"https:\/\/blog.polityka.pl\/adamczewski\/wp-json\/wp\/v2\/categories?post=10692"},{"taxonomy":"post_tag","embeddable":true,"href":"https:\/\/blog.polityka.pl\/adamczewski\/wp-json\/wp\/v2\/tags?post=10692"}],"curies":[{"name":"wp","href":"https:\/\/api.w.org\/{rel}","templated":true}]}}