
{"id":10693,"date":"2010-10-22T06:21:45","date_gmt":"2010-10-22T05:21:45","guid":{"rendered":"http:\/\/adamczewscy.pl\/?p=3013"},"modified":"2010-10-22T06:21:45","modified_gmt":"2010-10-22T05:21:45","slug":"mielone-nadziewane-pieczarkami","status":"publish","type":"post","link":"https:\/\/blog.polityka.pl\/adamczewski\/2010\/10\/22\/mielone-nadziewane-pieczarkami\/","title":{"rendered":"Mielone nadziewane pieczarkami"},"content":{"rendered":"<p><em>30 dag mielonego mi\u0119sa z indyka,  majeranek, p\u00f3\u0142 \u0142y\u017ceczki s\u0142odkiej papryki, s\u00f3l, pieprz, jajko, p\u00f3\u0142 szklanki tartej bu\u0142ki, 8 pieczarek (\u015brednich), 8 plasterk\u00f3w \u017c\u00f3\u0142tego sera, ? szklanki oleju<\/em><\/p>\n<p>1. Wyrobi\u0107 mi\u0119so ze s\u0142odk\u0105 papryk\u0105, majerankiem, sol\u0105 i pieprzem oraz jajkiem, doda\u0107 troch\u0119 tartej bu\u0142ki i 2-3 \u0142y\u017cki wody, dobrze wyrobi\u0107 mas\u0119.<br \/>\n2. Formowa\u0107 z mi\u0119sa placuszki, na \u015brodku ka\u017cdego uk\u0142ada\u0107 p\u00f3\u0142 pieczarki i skleja\u0107 starannie.<br \/>\n3. Obtoczone w tartej bu\u0142ce okr\u0105g\u0142e kotlety sma\u017cy\u0107 w do\u015b\u0107 g\u0142\u0119bokim t\u0142uszczu , z ka\u017cdej strony na rumiano. Ods\u0105cza\u0107 na z\u0142o\u017conym papierowym kuchennym r\u0119czniku.<br \/>\n4. U\u0142o\u017cy\u0107 usma\u017cone kotlety na \u017caroodpornym p\u00f3\u0142misku, ka\u017cdy przykry\u0107 kawa\u0142kiem \u017c\u00f3\u0142tego sera i zapiec w piekarniku nagrzanym do 170 st C do momentu,  kiedy ser si\u0119 stopi. <\/p>\n","protected":false},"excerpt":{"rendered":"<p>30 dag mielonego mi\u0119sa z indyka, majeranek, p\u00f3\u0142 \u0142y\u017ceczki s\u0142odkiej papryki, s\u00f3l, pieprz, jajko, p\u00f3\u0142 szklanki tartej bu\u0142ki, 8 pieczarek (\u015brednich), 8 plasterk\u00f3w \u017c\u00f3\u0142tego sera, ? szklanki oleju 1. Wyrobi\u0107 mi\u0119so ze s\u0142odk\u0105 papryk\u0105, majerankiem, sol\u0105 i pieprzem oraz jajkiem, doda\u0107 troch\u0119 tartej bu\u0142ki i 2-3 \u0142y\u017cki wody, dobrze wyrobi\u0107 mas\u0119. 2. Formowa\u0107 z mi\u0119sa [&hellip;]<\/p>\n","protected":false},"author":2,"featured_media":0,"comment_status":"open","ping_status":"open","sticky":false,"template":"","format":"standard","meta":{"footnotes":""},"categories":[1],"tags":[],"_links":{"self":[{"href":"https:\/\/blog.polityka.pl\/adamczewski\/wp-json\/wp\/v2\/posts\/10693"}],"collection":[{"href":"https:\/\/blog.polityka.pl\/adamczewski\/wp-json\/wp\/v2\/posts"}],"about":[{"href":"https:\/\/blog.polityka.pl\/adamczewski\/wp-json\/wp\/v2\/types\/post"}],"author":[{"embeddable":true,"href":"https:\/\/blog.polityka.pl\/adamczewski\/wp-json\/wp\/v2\/users\/2"}],"replies":[{"embeddable":true,"href":"https:\/\/blog.polityka.pl\/adamczewski\/wp-json\/wp\/v2\/comments?post=10693"}],"version-history":[{"count":0,"href":"https:\/\/blog.polityka.pl\/adamczewski\/wp-json\/wp\/v2\/posts\/10693\/revisions"}],"wp:attachment":[{"href":"https:\/\/blog.polityka.pl\/adamczewski\/wp-json\/wp\/v2\/media?parent=10693"}],"wp:term":[{"taxonomy":"category","embeddable":true,"href":"https:\/\/blog.polityka.pl\/adamczewski\/wp-json\/wp\/v2\/categories?post=10693"},{"taxonomy":"post_tag","embeddable":true,"href":"https:\/\/blog.polityka.pl\/adamczewski\/wp-json\/wp\/v2\/tags?post=10693"}],"curies":[{"name":"wp","href":"https:\/\/api.w.org\/{rel}","templated":true}]}}