
{"id":10694,"date":"2010-10-22T06:22:23","date_gmt":"2010-10-22T05:22:23","guid":{"rendered":"http:\/\/adamczewscy.pl\/?p=3014"},"modified":"2010-10-22T06:22:23","modified_gmt":"2010-10-22T05:22:23","slug":"placek-ziemniaczany-po-wlosku","status":"publish","type":"post","link":"https:\/\/blog.polityka.pl\/adamczewski\/2010\/10\/22\/placek-ziemniaczany-po-wlosku\/","title":{"rendered":"Placek ziemniaczany po w\u0142osku"},"content":{"rendered":"<p><em>60 dag ugotowanych ziemniak\u00f3w, 2 jaja, p\u00f3\u0142 szklanki m\u0105ki, p\u00f3\u0142 \u0142y\u017ceczki startej ga\u0142ki muszkato\u0142owej, 4 \u0142y\u017cki oleju do sma\u017cenia, s\u00f3l, pieprz.<br \/>\nDo posmarowania formy: \u0142y\u017cka mas\u0142a, do wysypania: \u0142y\u017cka tartej bu\u0142ki<br \/>\nDo u\u0142o\u017cenia na wierzchu: 20 dag pieczarek, 15 dag kie\u0142basy par\u00f3wkowej lub par\u00f3wek,  \u0142y\u017cka koncentratu pomidorowego, 2 \u0142y\u017cki mas\u0142a, \u0142y\u017ceczka mielonej s\u0142odkiej papryki, p\u00f3\u0142 \u0142y\u017ceczki suszonego oregano lub \u0142y\u017ceczka posiekanego \u015bwie\u017cego, szklanka startego \u017c\u00f3\u0142tego sera. <\/em><\/p>\n<p>1. Ziemniaki przecisn\u0105\u0107 (powinny by\u0107 jeszcze ciep\u0142e) przez prask\u0119. Po ostudzeniu doda\u0107 jajka, s\u00f3l, pieprz, start\u0105 ga\u0142k\u0119 muszkato\u0142ow\u0105 i m\u0105k\u0119. Wyrobi\u0107 ciasto.<br \/>\n2. W posmarowanej mas\u0142em i wysypanej tart\u0105 bu\u0142k\u0105 tortownicy roz\u0142o\u017cy\u0107 ziemniaczane ciasto.<br \/>\n3. Pieczarki umy\u0107, osuszy\u0107, pokroi\u0107 i podsma\u017cy\u0107 na oleju, doda\u0107 koncentrat pomidorowy i 3 \u0142y\u017cki ciep\u0142ej wody, pokrojon\u0105 w plasterki kie\u0142bas\u0119 lub par\u00f3wki, zagotowa\u0107, wy\u0142o\u017cy\u0107 na ciasto, posypa\u0107 startym \u017c\u00f3\u0142tym serem, posypa\u0107 papryk\u0105 i oregano.<br \/>\n4. Nagrza\u0107 piekarnik do temperatury 180 st Ci piec placek 35 minut. Podawa\u0107 na ciep\u0142o. <\/p>\n","protected":false},"excerpt":{"rendered":"<p>60 dag ugotowanych ziemniak\u00f3w, 2 jaja, p\u00f3\u0142 szklanki m\u0105ki, p\u00f3\u0142 \u0142y\u017ceczki startej ga\u0142ki muszkato\u0142owej, 4 \u0142y\u017cki oleju do sma\u017cenia, s\u00f3l, pieprz. Do posmarowania formy: \u0142y\u017cka mas\u0142a, do wysypania: \u0142y\u017cka tartej bu\u0142ki Do u\u0142o\u017cenia na wierzchu: 20 dag pieczarek, 15 dag kie\u0142basy par\u00f3wkowej lub par\u00f3wek, \u0142y\u017cka koncentratu pomidorowego, 2 \u0142y\u017cki mas\u0142a, \u0142y\u017ceczka mielonej s\u0142odkiej papryki, p\u00f3\u0142 [&hellip;]<\/p>\n","protected":false},"author":2,"featured_media":0,"comment_status":"open","ping_status":"open","sticky":false,"template":"","format":"standard","meta":{"footnotes":""},"categories":[1],"tags":[],"_links":{"self":[{"href":"https:\/\/blog.polityka.pl\/adamczewski\/wp-json\/wp\/v2\/posts\/10694"}],"collection":[{"href":"https:\/\/blog.polityka.pl\/adamczewski\/wp-json\/wp\/v2\/posts"}],"about":[{"href":"https:\/\/blog.polityka.pl\/adamczewski\/wp-json\/wp\/v2\/types\/post"}],"author":[{"embeddable":true,"href":"https:\/\/blog.polityka.pl\/adamczewski\/wp-json\/wp\/v2\/users\/2"}],"replies":[{"embeddable":true,"href":"https:\/\/blog.polityka.pl\/adamczewski\/wp-json\/wp\/v2\/comments?post=10694"}],"version-history":[{"count":0,"href":"https:\/\/blog.polityka.pl\/adamczewski\/wp-json\/wp\/v2\/posts\/10694\/revisions"}],"wp:attachment":[{"href":"https:\/\/blog.polityka.pl\/adamczewski\/wp-json\/wp\/v2\/media?parent=10694"}],"wp:term":[{"taxonomy":"category","embeddable":true,"href":"https:\/\/blog.polityka.pl\/adamczewski\/wp-json\/wp\/v2\/categories?post=10694"},{"taxonomy":"post_tag","embeddable":true,"href":"https:\/\/blog.polityka.pl\/adamczewski\/wp-json\/wp\/v2\/tags?post=10694"}],"curies":[{"name":"wp","href":"https:\/\/api.w.org\/{rel}","templated":true}]}}