
{"id":10695,"date":"2010-10-29T08:25:46","date_gmt":"2010-10-29T07:25:46","guid":{"rendered":"http:\/\/adamczewscy.pl\/?p=3017"},"modified":"2010-10-29T08:25:46","modified_gmt":"2010-10-29T07:25:46","slug":"szybkie-risotto-z-szynka","status":"publish","type":"post","link":"https:\/\/blog.polityka.pl\/adamczewski\/2010\/10\/29\/szybkie-risotto-z-szynka\/","title":{"rendered":"Szybkie risotto z szynk\u0105"},"content":{"rendered":"<p><em>2 woreczki do gotowania ry\u017cu, cebula, 2 papryki, 3 \u0142y\u017cki oleju lub oliwy, \u0142y\u017cka mas\u0142a, 3 \u0142y\u017cki bia\u0142ego wytrawnego wina, szklanka pokrojonej w paski szynki, szklanka startego \u017c\u00f3\u0142tego sera, 6 suszonych pomidor\u00f3w w zalewie z oliwy, 2 szklanki bulionu warzywnego, p\u00f3l szklanki mro\u017conego groszku, p\u00f3\u0142 \u0142y\u017ceczki \u0142agodnej przyprawy curry, s\u00f3l, pieprz<\/em><\/p>\n<p>1. Cebul\u0119 posieka\u0107 jak najdrobniej, drobno tak\u017ce pokroi\u0107 papryk\u0119, podsma\u017cy\u0107 na rozgrzanej w garnku oliwie z mas\u0142em.<br \/>\n2. Do zeszklonej cebuli z papryk\u0105 doda\u0107 suchy ry\u017c i przypraw\u0119 curry, sma\u017cy\u0107 minut\u0119, a\u017c ry\u017c wch\u0142onie t\u0142uszcz, doda\u0107 wino i chwil\u0119 jeszcze podgrzewa\u0107.<br \/>\n3. Do ry\u017cu doda\u0107 pokrojon\u0105 szynk\u0119, mro\u017cony groszek oraz pokrojone, wyj\u0119te z zalewy pomidory. Dusi\u0107 wszystko razem do mi\u0119kko\u015bci.<br \/>\n4. Kiedy ry\u017c jest gotowy (powinien by\u0107 ugotowany, ale j\u0119drny) doda\u0107 starty ser i wymiesza\u0107 risotto, doprawi\u0107 sol\u0105 i pieprzem. <\/p>\n","protected":false},"excerpt":{"rendered":"<p>2 woreczki do gotowania ry\u017cu, cebula, 2 papryki, 3 \u0142y\u017cki oleju lub oliwy, \u0142y\u017cka mas\u0142a, 3 \u0142y\u017cki bia\u0142ego wytrawnego wina, szklanka pokrojonej w paski szynki, szklanka startego \u017c\u00f3\u0142tego sera, 6 suszonych pomidor\u00f3w w zalewie z oliwy, 2 szklanki bulionu warzywnego, p\u00f3l szklanki mro\u017conego groszku, p\u00f3\u0142 \u0142y\u017ceczki \u0142agodnej przyprawy curry, s\u00f3l, pieprz 1. Cebul\u0119 posieka\u0107 jak [&hellip;]<\/p>\n","protected":false},"author":2,"featured_media":0,"comment_status":"open","ping_status":"open","sticky":false,"template":"","format":"standard","meta":{"footnotes":""},"categories":[1],"tags":[],"_links":{"self":[{"href":"https:\/\/blog.polityka.pl\/adamczewski\/wp-json\/wp\/v2\/posts\/10695"}],"collection":[{"href":"https:\/\/blog.polityka.pl\/adamczewski\/wp-json\/wp\/v2\/posts"}],"about":[{"href":"https:\/\/blog.polityka.pl\/adamczewski\/wp-json\/wp\/v2\/types\/post"}],"author":[{"embeddable":true,"href":"https:\/\/blog.polityka.pl\/adamczewski\/wp-json\/wp\/v2\/users\/2"}],"replies":[{"embeddable":true,"href":"https:\/\/blog.polityka.pl\/adamczewski\/wp-json\/wp\/v2\/comments?post=10695"}],"version-history":[{"count":0,"href":"https:\/\/blog.polityka.pl\/adamczewski\/wp-json\/wp\/v2\/posts\/10695\/revisions"}],"wp:attachment":[{"href":"https:\/\/blog.polityka.pl\/adamczewski\/wp-json\/wp\/v2\/media?parent=10695"}],"wp:term":[{"taxonomy":"category","embeddable":true,"href":"https:\/\/blog.polityka.pl\/adamczewski\/wp-json\/wp\/v2\/categories?post=10695"},{"taxonomy":"post_tag","embeddable":true,"href":"https:\/\/blog.polityka.pl\/adamczewski\/wp-json\/wp\/v2\/tags?post=10695"}],"curies":[{"name":"wp","href":"https:\/\/api.w.org\/{rel}","templated":true}]}}