
{"id":10696,"date":"2010-10-29T08:26:17","date_gmt":"2010-10-29T07:26:17","guid":{"rendered":"http:\/\/adamczewscy.pl\/?p=3018"},"modified":"2010-10-29T08:26:17","modified_gmt":"2010-10-29T07:26:17","slug":"ryzowa-baba","status":"publish","type":"post","link":"https:\/\/blog.polityka.pl\/adamczewski\/2010\/10\/29\/ryzowa-baba\/","title":{"rendered":"Ry\u017cowa baba"},"content":{"rendered":"<p><em>2 szklanki ugotowanego ry\u017cu, szklanka pokrojonego w kostk\u0119 pieczonego lub gotowanego mi\u0119sa z kurczaka, 2 marchwie, p\u00f3\u0142 kalafiora, p\u00f3\u0142 szklanki groszku konserwowego, szklanka startego \u017c\u00f3\u0142tego sera,<br \/>\nDo posmarowania okr\u0105g\u0142ego naczynia do zapiekania: \u0142y\u017cka mas\u0142a<\/em><\/p>\n<p>1. Marchew pokroi\u0107 kostk\u0119 i obgotowa\u0107 w lekko osolonej wodzie, wyj\u0105\u0107 \u0142y\u017ck\u0105 cedzakow\u0105.<br \/>\n2. Kalafior podzieli\u0107 na r\u00f3\u017cyczki i obgotowa\u0107 w wodzie po gotowaniu marchwi.<br \/>\n3. Wymiesza\u0107 gotowany ry\u017c z marchewk\u0105, groszkiem i kalafiorem oraz mi\u0119sem, doprawi\u0107 sol\u0105 i pieprzem, doda\u0107 starty ser i jeszcze raz wszystko doskonale wymiesza\u0107.<br \/>\n4. Prze\u0142o\u017cy\u0107 ry\u017c z dodatkami do posmarowanego \u0142y\u017ck\u0105 mas\u0142a \u017caroodpornego naczynia.<br \/>\n5. Nagrza\u0107 piekarnik do 150 st. C i piec bab\u0119 15 minut. <\/p>\n","protected":false},"excerpt":{"rendered":"<p>2 szklanki ugotowanego ry\u017cu, szklanka pokrojonego w kostk\u0119 pieczonego lub gotowanego mi\u0119sa z kurczaka, 2 marchwie, p\u00f3\u0142 kalafiora, p\u00f3\u0142 szklanki groszku konserwowego, szklanka startego \u017c\u00f3\u0142tego sera, Do posmarowania okr\u0105g\u0142ego naczynia do zapiekania: \u0142y\u017cka mas\u0142a 1. Marchew pokroi\u0107 kostk\u0119 i obgotowa\u0107 w lekko osolonej wodzie, wyj\u0105\u0107 \u0142y\u017ck\u0105 cedzakow\u0105. 2. Kalafior podzieli\u0107 na r\u00f3\u017cyczki i obgotowa\u0107 w [&hellip;]<\/p>\n","protected":false},"author":2,"featured_media":0,"comment_status":"open","ping_status":"open","sticky":false,"template":"","format":"standard","meta":{"footnotes":""},"categories":[1],"tags":[],"_links":{"self":[{"href":"https:\/\/blog.polityka.pl\/adamczewski\/wp-json\/wp\/v2\/posts\/10696"}],"collection":[{"href":"https:\/\/blog.polityka.pl\/adamczewski\/wp-json\/wp\/v2\/posts"}],"about":[{"href":"https:\/\/blog.polityka.pl\/adamczewski\/wp-json\/wp\/v2\/types\/post"}],"author":[{"embeddable":true,"href":"https:\/\/blog.polityka.pl\/adamczewski\/wp-json\/wp\/v2\/users\/2"}],"replies":[{"embeddable":true,"href":"https:\/\/blog.polityka.pl\/adamczewski\/wp-json\/wp\/v2\/comments?post=10696"}],"version-history":[{"count":0,"href":"https:\/\/blog.polityka.pl\/adamczewski\/wp-json\/wp\/v2\/posts\/10696\/revisions"}],"wp:attachment":[{"href":"https:\/\/blog.polityka.pl\/adamczewski\/wp-json\/wp\/v2\/media?parent=10696"}],"wp:term":[{"taxonomy":"category","embeddable":true,"href":"https:\/\/blog.polityka.pl\/adamczewski\/wp-json\/wp\/v2\/categories?post=10696"},{"taxonomy":"post_tag","embeddable":true,"href":"https:\/\/blog.polityka.pl\/adamczewski\/wp-json\/wp\/v2\/tags?post=10696"}],"curies":[{"name":"wp","href":"https:\/\/api.w.org\/{rel}","templated":true}]}}