
{"id":10698,"date":"2010-10-29T08:27:24","date_gmt":"2010-10-29T07:27:24","guid":{"rendered":"http:\/\/adamczewscy.pl\/?p=3020"},"modified":"2010-10-29T08:27:24","modified_gmt":"2010-10-29T07:27:24","slug":"ryzowe-krazki-z-serem","status":"publish","type":"post","link":"https:\/\/blog.polityka.pl\/adamczewski\/2010\/10\/29\/ryzowe-krazki-z-serem\/","title":{"rendered":"Ry\u017cowe kr\u0105\u017cki z serem"},"content":{"rendered":"<p><em>Szklanka ry\u017cu, p\u00f3\u0142torej szklanki mleka, 2 \u0142y\u017cki mas\u0142a, p\u00f3l szklanki rodzynek, spora szczypta cynamonu, 2 jaja,<br \/>\nNa farsz: 20 dag p\u00f3\u0142t\u0142ustego twarogu, \u017c\u00f3\u0142tko, cukier waniliowy,<br \/>\nDo panierowania: bia\u0142ko jajka, ? szklanki tartej bu\u0142ki,<br \/>\nDo sma\u017cenia: ? szklanki oleju<\/em><\/p>\n<p>1. W garnku rozpu\u015bci\u0107 mas\u0142o, doda\u0107 suchy ry\u017c i chwile sma\u017cy\u0107, a\u017c ry\u017c stanie si\u0119 szklisty, wtedy wla\u0107 mleko i gotowa\u0107 10 minut, doda\u0107 rodzynki oraz cynamon i gotowa\u0107,  a\u017c ry\u017c stanie si\u0119 kleisty. Ostudzi\u0107.<br \/>\n2. Ch\u0142odny ry\u017c wyrobi\u0107 z 2 jajkami na jednorodn\u0105 mas\u0119.<br \/>\n3. Twar\u00f3g rozdrobni\u0107 widelcem doda\u0107 \u017c\u00f3\u0142tko i cukier waniliowy, dok\u0142adnie wymiesza\u0107.<br \/>\n4. Formowa\u0107 z masy ry\u017cowej placuszki, nak\u0142ada\u0107 \u0142y\u017ceczk\u0119 farszu serowego, po czym zlepia\u0107 i formowa\u0107 p\u0142aski kotlecik.<br \/>\n5. Panierowa\u0107 ry\u017cowe kr\u0105\u017cki w ubitym z \u0142y\u017ceczk\u0105 wody bia\u0142kiem, obtacza\u0107 w tartej bu\u0142ce i sma\u017cy\u0107 na rozgrzanym oleju. Os\u0105cza\u0107 z nadmiaru t\u0142uszczu na kuchennym papierowym r\u0119czniku. <\/p>\n","protected":false},"excerpt":{"rendered":"<p>Szklanka ry\u017cu, p\u00f3\u0142torej szklanki mleka, 2 \u0142y\u017cki mas\u0142a, p\u00f3l szklanki rodzynek, spora szczypta cynamonu, 2 jaja, Na farsz: 20 dag p\u00f3\u0142t\u0142ustego twarogu, \u017c\u00f3\u0142tko, cukier waniliowy, Do panierowania: bia\u0142ko jajka, ? szklanki tartej bu\u0142ki, Do sma\u017cenia: ? szklanki oleju 1. W garnku rozpu\u015bci\u0107 mas\u0142o, doda\u0107 suchy ry\u017c i chwile sma\u017cy\u0107, a\u017c ry\u017c stanie si\u0119 szklisty, wtedy [&hellip;]<\/p>\n","protected":false},"author":2,"featured_media":0,"comment_status":"open","ping_status":"open","sticky":false,"template":"","format":"standard","meta":{"footnotes":""},"categories":[1],"tags":[],"_links":{"self":[{"href":"https:\/\/blog.polityka.pl\/adamczewski\/wp-json\/wp\/v2\/posts\/10698"}],"collection":[{"href":"https:\/\/blog.polityka.pl\/adamczewski\/wp-json\/wp\/v2\/posts"}],"about":[{"href":"https:\/\/blog.polityka.pl\/adamczewski\/wp-json\/wp\/v2\/types\/post"}],"author":[{"embeddable":true,"href":"https:\/\/blog.polityka.pl\/adamczewski\/wp-json\/wp\/v2\/users\/2"}],"replies":[{"embeddable":true,"href":"https:\/\/blog.polityka.pl\/adamczewski\/wp-json\/wp\/v2\/comments?post=10698"}],"version-history":[{"count":0,"href":"https:\/\/blog.polityka.pl\/adamczewski\/wp-json\/wp\/v2\/posts\/10698\/revisions"}],"wp:attachment":[{"href":"https:\/\/blog.polityka.pl\/adamczewski\/wp-json\/wp\/v2\/media?parent=10698"}],"wp:term":[{"taxonomy":"category","embeddable":true,"href":"https:\/\/blog.polityka.pl\/adamczewski\/wp-json\/wp\/v2\/categories?post=10698"},{"taxonomy":"post_tag","embeddable":true,"href":"https:\/\/blog.polityka.pl\/adamczewski\/wp-json\/wp\/v2\/tags?post=10698"}],"curies":[{"name":"wp","href":"https:\/\/api.w.org\/{rel}","templated":true}]}}