
{"id":10700,"date":"2010-11-05T07:55:14","date_gmt":"2010-11-05T06:55:14","guid":{"rendered":"http:\/\/adamczewscy.pl\/?p=3023"},"modified":"2010-11-05T07:55:14","modified_gmt":"2010-11-05T06:55:14","slug":"babki-z-serowym-nadzieniem","status":"publish","type":"post","link":"https:\/\/blog.polityka.pl\/adamczewski\/2010\/11\/05\/babki-z-serowym-nadzieniem\/","title":{"rendered":"Babki z serowym nadzieniem"},"content":{"rendered":"<p><em>Na ciasto: 2 i p\u00f3\u0142 szklanki m\u0105ki, kostka mas\u0142a, jajko, 4 \u0142y\u017cki kwa\u015bnej \u015bmietany, szklanka i \u0107wier\u0107 szklanki cukru pudru, 2 krople olejku waniliowego lub cukier waniliowy, szczypta soli<br \/>\nDo posmarowania foremek na babeczki: \u0142y\u017cka smalcu lub 2 \u0142y\u017cki oleju<br \/>\nDo nape\u0142nienia babeczek: 3\/4  pojemniczka serka waniliowego.<br \/>\nDo dekoracji: galaretka wi\u015bniowa<\/em><\/p>\n<p>1. Przygotowa\u0107 ciasto: przesieka\u0107 m\u0105k\u0119 mas\u0142em, doda\u0107 jajko,  s\u00f3l i cukier puder, wszystko razem do\u015b\u0107 szybko zagnie\u015b\u0107 i od\u0142o\u017cy\u0107 na p\u00f3l godziny do lod\u00f3wki.<br \/>\n2. Po wyj\u0119ciu z lod\u00f3wki  rozwa\u0142kowa\u0107 ciasto i wy\u0142o\u017cy\u0107 nim posmarowane t\u0142uszczem foremki. Piec na z\u0142oto w nagrzanym do 200 st C piekarniku.<br \/>\n3. Przygotowa\u0107 wed\u0142ug przepisu na opakowaniu galaretk\u0119, ostudzi\u0107 i w\u0142o\u017cy\u0107 do lod\u00f3wki, a\u017c zacznie t\u0119\u017ce\u0107.<br \/>\n4. W ostudzone babeczki nak\u0142ada\u0107 serek waniliowy, wyg\u0142adza\u0107, zalewa\u0107 cienk\u0105 warstewk\u0105 t\u0119\u017cej\u0105cej galaretki. Odstawi\u0107 do zupe\u0142nego zastygni\u0119cia. <\/p>\n","protected":false},"excerpt":{"rendered":"<p>Na ciasto: 2 i p\u00f3\u0142 szklanki m\u0105ki, kostka mas\u0142a, jajko, 4 \u0142y\u017cki kwa\u015bnej \u015bmietany, szklanka i \u0107wier\u0107 szklanki cukru pudru, 2 krople olejku waniliowego lub cukier waniliowy, szczypta soli Do posmarowania foremek na babeczki: \u0142y\u017cka smalcu lub 2 \u0142y\u017cki oleju Do nape\u0142nienia babeczek: 3\/4 pojemniczka serka waniliowego. Do dekoracji: galaretka wi\u015bniowa 1. Przygotowa\u0107 ciasto: przesieka\u0107 [&hellip;]<\/p>\n","protected":false},"author":2,"featured_media":0,"comment_status":"open","ping_status":"open","sticky":false,"template":"","format":"standard","meta":{"footnotes":""},"categories":[1],"tags":[],"_links":{"self":[{"href":"https:\/\/blog.polityka.pl\/adamczewski\/wp-json\/wp\/v2\/posts\/10700"}],"collection":[{"href":"https:\/\/blog.polityka.pl\/adamczewski\/wp-json\/wp\/v2\/posts"}],"about":[{"href":"https:\/\/blog.polityka.pl\/adamczewski\/wp-json\/wp\/v2\/types\/post"}],"author":[{"embeddable":true,"href":"https:\/\/blog.polityka.pl\/adamczewski\/wp-json\/wp\/v2\/users\/2"}],"replies":[{"embeddable":true,"href":"https:\/\/blog.polityka.pl\/adamczewski\/wp-json\/wp\/v2\/comments?post=10700"}],"version-history":[{"count":0,"href":"https:\/\/blog.polityka.pl\/adamczewski\/wp-json\/wp\/v2\/posts\/10700\/revisions"}],"wp:attachment":[{"href":"https:\/\/blog.polityka.pl\/adamczewski\/wp-json\/wp\/v2\/media?parent=10700"}],"wp:term":[{"taxonomy":"category","embeddable":true,"href":"https:\/\/blog.polityka.pl\/adamczewski\/wp-json\/wp\/v2\/categories?post=10700"},{"taxonomy":"post_tag","embeddable":true,"href":"https:\/\/blog.polityka.pl\/adamczewski\/wp-json\/wp\/v2\/tags?post=10700"}],"curies":[{"name":"wp","href":"https:\/\/api.w.org\/{rel}","templated":true}]}}