
{"id":10701,"date":"2010-11-05T07:55:40","date_gmt":"2010-11-05T06:55:40","guid":{"rendered":"http:\/\/adamczewscy.pl\/?p=3024"},"modified":"2010-11-05T07:55:40","modified_gmt":"2010-11-05T06:55:40","slug":"makaron-wloskiego-woznicy","status":"publish","type":"post","link":"https:\/\/blog.polityka.pl\/adamczewski\/2010\/11\/05\/makaron-wloskiego-woznicy\/","title":{"rendered":"Makaron w\u0142oskiego wo\u017anicy"},"content":{"rendered":"<p><em>5 dag boczku, 5 dag tu\u0144czyka w oleju, 20 dag borowik\u00f3w, 4 \u0142y\u017cki oliwy z oliwek, 1 z\u0105bek czosnku, s\u00f3l, pieprz, 4 \u0142y\u017cki roso\u0142u, 40 dag makaronu (spaghetti lub bavette), 5 dag startego parmezanu<\/em><\/p>\n<p>1. Pokroi\u0107 boczek w paski lub kostk\u0119 a tu\u0144czyka pokruszy\u0107.<br \/>\n2. Podsma\u017cy\u0107 na oliwie czosnek z boczkiem. Doda\u0107 pokrojone grzyby, s\u00f3l i \u015bwie\u017co zmielony pieprz. Dola\u0107 ros\u00f3\u0142 i kawa\u0142ki tu\u0144czyka. Dusi\u0107 ok. 10 minut na ma\u0142ym ogniu. 3. Ugotowa\u0107 makaron al dente w osolonej wodzie z kropelk\u0105 oliwy.<br \/>\n4. Odla\u0107 wod\u0119 i wrzuci\u0107 makaron na patelni\u0119 z sosem wy\u0142\u0105czywszy uprzednio grzanie. Zamiesza\u0107. Posypa\u0107 startym parmezanem i podawa\u0107. <\/p>\n","protected":false},"excerpt":{"rendered":"<p>5 dag boczku, 5 dag tu\u0144czyka w oleju, 20 dag borowik\u00f3w, 4 \u0142y\u017cki oliwy z oliwek, 1 z\u0105bek czosnku, s\u00f3l, pieprz, 4 \u0142y\u017cki roso\u0142u, 40 dag makaronu (spaghetti lub bavette), 5 dag startego parmezanu 1. Pokroi\u0107 boczek w paski lub kostk\u0119 a tu\u0144czyka pokruszy\u0107. 2. Podsma\u017cy\u0107 na oliwie czosnek z boczkiem. Doda\u0107 pokrojone grzyby, s\u00f3l [&hellip;]<\/p>\n","protected":false},"author":2,"featured_media":0,"comment_status":"open","ping_status":"open","sticky":false,"template":"","format":"standard","meta":{"footnotes":""},"categories":[1],"tags":[],"_links":{"self":[{"href":"https:\/\/blog.polityka.pl\/adamczewski\/wp-json\/wp\/v2\/posts\/10701"}],"collection":[{"href":"https:\/\/blog.polityka.pl\/adamczewski\/wp-json\/wp\/v2\/posts"}],"about":[{"href":"https:\/\/blog.polityka.pl\/adamczewski\/wp-json\/wp\/v2\/types\/post"}],"author":[{"embeddable":true,"href":"https:\/\/blog.polityka.pl\/adamczewski\/wp-json\/wp\/v2\/users\/2"}],"replies":[{"embeddable":true,"href":"https:\/\/blog.polityka.pl\/adamczewski\/wp-json\/wp\/v2\/comments?post=10701"}],"version-history":[{"count":0,"href":"https:\/\/blog.polityka.pl\/adamczewski\/wp-json\/wp\/v2\/posts\/10701\/revisions"}],"wp:attachment":[{"href":"https:\/\/blog.polityka.pl\/adamczewski\/wp-json\/wp\/v2\/media?parent=10701"}],"wp:term":[{"taxonomy":"category","embeddable":true,"href":"https:\/\/blog.polityka.pl\/adamczewski\/wp-json\/wp\/v2\/categories?post=10701"},{"taxonomy":"post_tag","embeddable":true,"href":"https:\/\/blog.polityka.pl\/adamczewski\/wp-json\/wp\/v2\/tags?post=10701"}],"curies":[{"name":"wp","href":"https:\/\/api.w.org\/{rel}","templated":true}]}}