
{"id":10703,"date":"2010-11-05T07:56:41","date_gmt":"2010-11-05T06:56:41","guid":{"rendered":"http:\/\/adamczewscy.pl\/?p=3026"},"modified":"2010-11-05T07:56:41","modified_gmt":"2010-11-05T06:56:41","slug":"muszle-z-nadzieniem-serowym","status":"publish","type":"post","link":"https:\/\/blog.polityka.pl\/adamczewski\/2010\/11\/05\/muszle-z-nadzieniem-serowym\/","title":{"rendered":"Muszle z nadzieniem serowym"},"content":{"rendered":"<p><em>20 sztuk makaronowych muszli, 2 pory z du\u017ca bia\u0142\u0105 cz\u0119\u015bcia, 2 \u0142y\u017cki oliwy z oliwek, 2 \u0142y\u017cki posiekanej zielonej pietruszki, 25 dag kremowego t\u0142ustego twarogu, 2 \u017c\u00f3\u0142tka, 4 \u0142y\u017cki startego \u017c\u00f3\u0142tego sera, 10 plasterk\u00f3w chudego w\u0119dzonego boczku, s\u00f3l, pieprz<\/em><\/p>\n<p>1. Muszle ugotowa\u0107 na wp\u00f3\u0142 mi\u0119kko, os\u0105czy\u0107.<br \/>\n2. Bia\u0142e cz\u0119\u015bci umytych por\u00f3w poszatkowa\u0107 cieniutko, podsma\u017cy\u0107 na oliwie, doda\u0107 siekan\u0105 zielon\u0105 pietruszk\u0119, ostudzi\u0107.<br \/>\n3. Ser kremowy utrze\u0107 z \u017c\u00f3\u0142tkami, doda\u0107 ser \u017c\u00f3\u0142ty, podduszone pory, s\u00f3l, pieprz do smaku.<br \/>\n4. Do ka\u017cdej muszli na\u0142o\u017cy\u0107 utarty ser, muszle u\u0142o\u017cy\u0107 w naczyniu do zapiekania.<br \/>\n5. Boczek pokroi\u0107 w cienkie paski i posypa\u0107 po wierzchu muszle.<br \/>\n6. Nagrza\u0107 piekarnik do 190 st. C i zapieka\u0107 muszle 25 minut. <\/p>\n","protected":false},"excerpt":{"rendered":"<p>20 sztuk makaronowych muszli, 2 pory z du\u017ca bia\u0142\u0105 cz\u0119\u015bcia, 2 \u0142y\u017cki oliwy z oliwek, 2 \u0142y\u017cki posiekanej zielonej pietruszki, 25 dag kremowego t\u0142ustego twarogu, 2 \u017c\u00f3\u0142tka, 4 \u0142y\u017cki startego \u017c\u00f3\u0142tego sera, 10 plasterk\u00f3w chudego w\u0119dzonego boczku, s\u00f3l, pieprz 1. Muszle ugotowa\u0107 na wp\u00f3\u0142 mi\u0119kko, os\u0105czy\u0107. 2. Bia\u0142e cz\u0119\u015bci umytych por\u00f3w poszatkowa\u0107 cieniutko, podsma\u017cy\u0107 na [&hellip;]<\/p>\n","protected":false},"author":2,"featured_media":0,"comment_status":"open","ping_status":"open","sticky":false,"template":"","format":"standard","meta":{"footnotes":""},"categories":[1],"tags":[],"_links":{"self":[{"href":"https:\/\/blog.polityka.pl\/adamczewski\/wp-json\/wp\/v2\/posts\/10703"}],"collection":[{"href":"https:\/\/blog.polityka.pl\/adamczewski\/wp-json\/wp\/v2\/posts"}],"about":[{"href":"https:\/\/blog.polityka.pl\/adamczewski\/wp-json\/wp\/v2\/types\/post"}],"author":[{"embeddable":true,"href":"https:\/\/blog.polityka.pl\/adamczewski\/wp-json\/wp\/v2\/users\/2"}],"replies":[{"embeddable":true,"href":"https:\/\/blog.polityka.pl\/adamczewski\/wp-json\/wp\/v2\/comments?post=10703"}],"version-history":[{"count":0,"href":"https:\/\/blog.polityka.pl\/adamczewski\/wp-json\/wp\/v2\/posts\/10703\/revisions"}],"wp:attachment":[{"href":"https:\/\/blog.polityka.pl\/adamczewski\/wp-json\/wp\/v2\/media?parent=10703"}],"wp:term":[{"taxonomy":"category","embeddable":true,"href":"https:\/\/blog.polityka.pl\/adamczewski\/wp-json\/wp\/v2\/categories?post=10703"},{"taxonomy":"post_tag","embeddable":true,"href":"https:\/\/blog.polityka.pl\/adamczewski\/wp-json\/wp\/v2\/tags?post=10703"}],"curies":[{"name":"wp","href":"https:\/\/api.w.org\/{rel}","templated":true}]}}