
{"id":10704,"date":"2010-11-05T07:57:16","date_gmt":"2010-11-05T06:57:16","guid":{"rendered":"http:\/\/adamczewscy.pl\/?p=3027"},"modified":"2010-11-05T07:57:16","modified_gmt":"2010-11-05T06:57:16","slug":"cacko-z-dziurka","status":"publish","type":"post","link":"https:\/\/blog.polityka.pl\/adamczewski\/2010\/11\/05\/cacko-z-dziurka\/","title":{"rendered":"Cacko z dziurk\u0105"},"content":{"rendered":"<p><em>Na ciasto: niepe\u0142ne 2 szklanki m\u0105ki, 3\/4 szklanki mleka, 3 dag dro\u017cd\u017cy, 2 \u017c\u00f3\u0142tka, 5 \u0142y\u017cek cukru, 3 \u0142y\u017cki mas\u0142a, szczypta soli<br \/>\nDo posmarowania ciasta: jajko.<br \/>\nDo posypania po upieczeniu:2 \u0142y\u017cki cukru pudru<br \/>\nNa farsz: 20 dag pe\u0142not\u0142ustego twarogu, 2 \u017c\u00f3\u0142tka, 3 \u0142y\u017cki cukru, p\u00f3\u0142 \u0142y\u017ceczki startej sk\u00f3rki z cytryny <\/em><\/p>\n<p>1. Dro\u017cd\u017ce wymieszane z \u0142y\u017ceczk\u0105 cukru i m\u0105ki zala\u0107 po\u0142ow\u0105 ciep\u0142ego mleka, wymiesza\u0107 i zostawi\u0107 do wyro\u015bni\u0119cia.<br \/>\n2. Do wyro\u015bni\u0119tych dro\u017cd\u017cy doda\u0107 pozosta\u0142e mleko,  cukier, \u017c\u00f3\u0142tka, s\u00f3l i rozpuszczone mas\u0142o, wyrobi\u0107 ciasto i odstawi\u0107 do wyro\u015bni\u0119cia.<br \/>\n3. Zmielony w maszynce do mi\u0119sa ser dok\u0142adnie wymiesza\u0107 z \u017c\u00f3\u0142tkami, cukrem i sk\u00f3rk\u0105 cytrynow\u0105.<br \/>\n4. Wyro\u015bni\u0119te ciasto rozwa\u0142kowa\u0107 na lekko wysypanej m\u0105k\u0105 desce na placek grubo\u015bci 2 cm, wykrawa\u0107 kr\u0105\u017cki, uk\u0142ada\u0107 na wy\u0142o\u017conej papierem do wypiek\u00f3w blaszce w do\u015b\u0107 du\u017cych odleg\u0142o\u015bciach, poniewa\u017c wyrosn\u0105. Pozostawi\u0107 nakryte czyst\u0105 \u015bciereczk\u0105, a\u017c podwoja swoja obj\u0119to\u015b\u0107.<br \/>\n5. W ka\u017cdym kr\u0105\u017cku zrobi\u0107 do\u0142ek, w kt\u00f3ry nak\u0142ada\u0107 po kopiastej \u0142y\u017ceczce (lub wi\u0119cej) serowego nadzienia.<br \/>\n6. Rozbi\u0107 jajko z \u0142y\u017ck\u0105 wody i smarowa\u0107 wierzchy kr\u0105\u017ck\u00f3w.<br \/>\n7. W nagrzanym do 220 st. C piekarniku piec oko\u0142o 30 minut. Wyj\u0119te z piekarnika cacka posypa\u0107 cukrem pudrem. <\/p>\n","protected":false},"excerpt":{"rendered":"<p>Na ciasto: niepe\u0142ne 2 szklanki m\u0105ki, 3\/4 szklanki mleka, 3 dag dro\u017cd\u017cy, 2 \u017c\u00f3\u0142tka, 5 \u0142y\u017cek cukru, 3 \u0142y\u017cki mas\u0142a, szczypta soli Do posmarowania ciasta: jajko. Do posypania po upieczeniu:2 \u0142y\u017cki cukru pudru Na farsz: 20 dag pe\u0142not\u0142ustego twarogu, 2 \u017c\u00f3\u0142tka, 3 \u0142y\u017cki cukru, p\u00f3\u0142 \u0142y\u017ceczki startej sk\u00f3rki z cytryny 1. Dro\u017cd\u017ce wymieszane z \u0142y\u017ceczk\u0105 [&hellip;]<\/p>\n","protected":false},"author":2,"featured_media":0,"comment_status":"open","ping_status":"open","sticky":false,"template":"","format":"standard","meta":{"footnotes":""},"categories":[1],"tags":[],"_links":{"self":[{"href":"https:\/\/blog.polityka.pl\/adamczewski\/wp-json\/wp\/v2\/posts\/10704"}],"collection":[{"href":"https:\/\/blog.polityka.pl\/adamczewski\/wp-json\/wp\/v2\/posts"}],"about":[{"href":"https:\/\/blog.polityka.pl\/adamczewski\/wp-json\/wp\/v2\/types\/post"}],"author":[{"embeddable":true,"href":"https:\/\/blog.polityka.pl\/adamczewski\/wp-json\/wp\/v2\/users\/2"}],"replies":[{"embeddable":true,"href":"https:\/\/blog.polityka.pl\/adamczewski\/wp-json\/wp\/v2\/comments?post=10704"}],"version-history":[{"count":0,"href":"https:\/\/blog.polityka.pl\/adamczewski\/wp-json\/wp\/v2\/posts\/10704\/revisions"}],"wp:attachment":[{"href":"https:\/\/blog.polityka.pl\/adamczewski\/wp-json\/wp\/v2\/media?parent=10704"}],"wp:term":[{"taxonomy":"category","embeddable":true,"href":"https:\/\/blog.polityka.pl\/adamczewski\/wp-json\/wp\/v2\/categories?post=10704"},{"taxonomy":"post_tag","embeddable":true,"href":"https:\/\/blog.polityka.pl\/adamczewski\/wp-json\/wp\/v2\/tags?post=10704"}],"curies":[{"name":"wp","href":"https:\/\/api.w.org\/{rel}","templated":true}]}}