
{"id":10705,"date":"2010-11-12T07:38:40","date_gmt":"2010-11-12T06:38:40","guid":{"rendered":"http:\/\/adamczewscy.pl\/?p=3029"},"modified":"2010-11-12T07:38:40","modified_gmt":"2010-11-12T06:38:40","slug":"tagliatelle-z-sosem-z-borowikami","status":"publish","type":"post","link":"https:\/\/blog.polityka.pl\/adamczewski\/2010\/11\/12\/tagliatelle-z-sosem-z-borowikami\/","title":{"rendered":"Tagliatelle z sosem z borowikami"},"content":{"rendered":"<p><em>Opakowanie makaronu wst\u0105\u017cki, czyli tagliatelle, 2 \u0142y\u017cki oliwy z oliwek, oko\u0142o 50 dag \u015bwie\u017cych lub mro\u017conych borowik\u00f3w, p\u00f3\u0142torej szklanki \u015bmietanki 30-proc., ma\u0142a szalotka, 2 du\u017ce z\u0105bki czosnku, \u0142y\u017cka posiekanej zielonej pietruszki i 2 \u0142y\u017cki posiekanej \u015bwie\u017cej bazylii, p\u00f3\u0142 szklanki startego parmezanu, 6 \u0142y\u017cek bia\u0142ego wina, s\u00f3l, pieprz, starta ga\u0142ka muszkato\u0142owa do smaku<\/em><\/p>\n<p>1. Bardzo drobno posiekana cebul\u0119 i pokrojony czosnek poddusi\u0107 w garnku na oliwie, doda\u0107 pokrojone grzyby, po minucie doda\u0107 wino i gotowa\u0107, a\u017c odparuje si\u0119 nadmiar p\u0142ynu.<br \/>\n2, Do grzyb\u00f3w doda\u0107 \u015bmietank\u0119 i zagotowa\u0107.<br \/>\n3. Makaron ugotowa\u0107 w 4 litrach wody (powinien by\u0107 al dente, czyli j\u0119drny), odcedzi\u0107 , prze\u0142o\u017cy\u0107<br \/>\n4. Do garnka z makaronem doda\u0107 do smaku s\u00f3l i pieprz oraz ga\u0142k\u0119 muszkato\u0142owa a tak\u017ce posiekana pietruszk\u0119 i bazyli\u0119. Wymiesza\u0107, doda\u0107 parmezan i jeszcze raz mieszaj\u0105c dwoma widelcami,  podawa\u0107. <\/p>\n","protected":false},"excerpt":{"rendered":"<p>Opakowanie makaronu wst\u0105\u017cki, czyli tagliatelle, 2 \u0142y\u017cki oliwy z oliwek, oko\u0142o 50 dag \u015bwie\u017cych lub mro\u017conych borowik\u00f3w, p\u00f3\u0142torej szklanki \u015bmietanki 30-proc., ma\u0142a szalotka, 2 du\u017ce z\u0105bki czosnku, \u0142y\u017cka posiekanej zielonej pietruszki i 2 \u0142y\u017cki posiekanej \u015bwie\u017cej bazylii, p\u00f3\u0142 szklanki startego parmezanu, 6 \u0142y\u017cek bia\u0142ego wina, s\u00f3l, pieprz, starta ga\u0142ka muszkato\u0142owa do smaku 1. Bardzo drobno [&hellip;]<\/p>\n","protected":false},"author":2,"featured_media":0,"comment_status":"open","ping_status":"open","sticky":false,"template":"","format":"standard","meta":{"footnotes":""},"categories":[1],"tags":[],"_links":{"self":[{"href":"https:\/\/blog.polityka.pl\/adamczewski\/wp-json\/wp\/v2\/posts\/10705"}],"collection":[{"href":"https:\/\/blog.polityka.pl\/adamczewski\/wp-json\/wp\/v2\/posts"}],"about":[{"href":"https:\/\/blog.polityka.pl\/adamczewski\/wp-json\/wp\/v2\/types\/post"}],"author":[{"embeddable":true,"href":"https:\/\/blog.polityka.pl\/adamczewski\/wp-json\/wp\/v2\/users\/2"}],"replies":[{"embeddable":true,"href":"https:\/\/blog.polityka.pl\/adamczewski\/wp-json\/wp\/v2\/comments?post=10705"}],"version-history":[{"count":0,"href":"https:\/\/blog.polityka.pl\/adamczewski\/wp-json\/wp\/v2\/posts\/10705\/revisions"}],"wp:attachment":[{"href":"https:\/\/blog.polityka.pl\/adamczewski\/wp-json\/wp\/v2\/media?parent=10705"}],"wp:term":[{"taxonomy":"category","embeddable":true,"href":"https:\/\/blog.polityka.pl\/adamczewski\/wp-json\/wp\/v2\/categories?post=10705"},{"taxonomy":"post_tag","embeddable":true,"href":"https:\/\/blog.polityka.pl\/adamczewski\/wp-json\/wp\/v2\/tags?post=10705"}],"curies":[{"name":"wp","href":"https:\/\/api.w.org\/{rel}","templated":true}]}}