
{"id":10707,"date":"2010-11-12T07:41:03","date_gmt":"2010-11-12T06:41:03","guid":{"rendered":"http:\/\/adamczewscy.pl\/?p=3031"},"modified":"2010-11-12T07:41:03","modified_gmt":"2010-11-12T06:41:03","slug":"tradycyjna-potrawa-zydowska-kugiel","status":"publish","type":"post","link":"https:\/\/blog.polityka.pl\/adamczewski\/2010\/11\/12\/tradycyjna-potrawa-zydowska-kugiel\/","title":{"rendered":"Tradycyjna potrawa \u017cydowska- kugiel"},"content":{"rendered":"<p><em>P\u00f3\u0142 opakowania makaronu tagliatelle, 4 jaja, 10 dag cukru pudru, cukier waniliowy, sk\u00f3rka otarta z cytryny, 2 \u0142y\u017cki cytrynowego soku, 50 dag t\u0142ustego twarogu, szklanka \u015bmietany 18-proc., p\u00f3\u0142 szklanki mleka, gar\u015b\u0107 rodzynek, \u0142y\u017cka cynamonu<br \/>\nDo posmarowania naczynia do zapiekania: \u0142y\u017cka oliwy<\/em><\/p>\n<p>1. Ubi\u0107 mikserem ca\u0142e jaja z cukrem i cukrem waniliowym, doda\u0107 start\u0105 sk\u00f3rk\u0119 cytrynow\u0105, rozdrobniony widelcem twar\u00f3g oraz mleko i \u015bmietan\u0119. Zmiksowa\u0107 wszystkie sk\u0142adniki.<br \/>\n2. Wymiesza\u0107 makaron z mas\u0105 serow\u0105, doda\u0107 cynamon i rodzynki.<br \/>\n3. Prze\u0142o\u017cy\u0107 makaron z serem do posmarowanego oliw\u0105 naczynia \u017caroodpornego.<br \/>\n4. Zapieka\u0107 kugiel ok. 60 minut, powinna si\u0119 zapiec apetyczna rumiana sk\u00f3rka. <\/p>\n","protected":false},"excerpt":{"rendered":"<p>P\u00f3\u0142 opakowania makaronu tagliatelle, 4 jaja, 10 dag cukru pudru, cukier waniliowy, sk\u00f3rka otarta z cytryny, 2 \u0142y\u017cki cytrynowego soku, 50 dag t\u0142ustego twarogu, szklanka \u015bmietany 18-proc., p\u00f3\u0142 szklanki mleka, gar\u015b\u0107 rodzynek, \u0142y\u017cka cynamonu Do posmarowania naczynia do zapiekania: \u0142y\u017cka oliwy 1. Ubi\u0107 mikserem ca\u0142e jaja z cukrem i cukrem waniliowym, doda\u0107 start\u0105 sk\u00f3rk\u0119 cytrynow\u0105, [&hellip;]<\/p>\n","protected":false},"author":2,"featured_media":0,"comment_status":"open","ping_status":"open","sticky":false,"template":"","format":"standard","meta":{"footnotes":""},"categories":[1],"tags":[],"_links":{"self":[{"href":"https:\/\/blog.polityka.pl\/adamczewski\/wp-json\/wp\/v2\/posts\/10707"}],"collection":[{"href":"https:\/\/blog.polityka.pl\/adamczewski\/wp-json\/wp\/v2\/posts"}],"about":[{"href":"https:\/\/blog.polityka.pl\/adamczewski\/wp-json\/wp\/v2\/types\/post"}],"author":[{"embeddable":true,"href":"https:\/\/blog.polityka.pl\/adamczewski\/wp-json\/wp\/v2\/users\/2"}],"replies":[{"embeddable":true,"href":"https:\/\/blog.polityka.pl\/adamczewski\/wp-json\/wp\/v2\/comments?post=10707"}],"version-history":[{"count":0,"href":"https:\/\/blog.polityka.pl\/adamczewski\/wp-json\/wp\/v2\/posts\/10707\/revisions"}],"wp:attachment":[{"href":"https:\/\/blog.polityka.pl\/adamczewski\/wp-json\/wp\/v2\/media?parent=10707"}],"wp:term":[{"taxonomy":"category","embeddable":true,"href":"https:\/\/blog.polityka.pl\/adamczewski\/wp-json\/wp\/v2\/categories?post=10707"},{"taxonomy":"post_tag","embeddable":true,"href":"https:\/\/blog.polityka.pl\/adamczewski\/wp-json\/wp\/v2\/tags?post=10707"}],"curies":[{"name":"wp","href":"https:\/\/api.w.org\/{rel}","templated":true}]}}