
{"id":10710,"date":"2010-11-19T07:43:37","date_gmt":"2010-11-19T06:43:37","guid":{"rendered":"http:\/\/adamczewscy.pl\/?p=3035"},"modified":"2010-11-19T07:43:37","modified_gmt":"2010-11-19T06:43:37","slug":"makaron-z-owczym-sosem","status":"publish","type":"post","link":"https:\/\/blog.polityka.pl\/adamczewski\/2010\/11\/19\/makaron-z-owczym-sosem\/","title":{"rendered":"Makaron z ?owczym? sosem"},"content":{"rendered":"<p><em>Niepe\u0142na paczka szerokiego makaronu (tagliatelle), 5 z\u0105bk\u00f3w czosnku, gar\u015b\u0107 listk\u00f3w bazylii, 4 \u0142y\u017cki zmielonych orzech\u00f3w w\u0142oskich, 10 dag owczego ostrego sera (mo\u017ce to by\u0107 pecorino, ale r\u00f3wnie dobry b\u0119dzie sos ze startym oscypkiem), p\u00f3l szklanki dobrej oliwy z oliwek, \u0142y\u017ceczka mas\u0142a, s\u00f3l, \u015bwie\u017co zmielony bia\u0142y pieprz. <\/em><\/p>\n<p>1. Li\u015bcie bazylii posieka\u0107, doda\u0107 przeci\u015bni\u0119ty przez prask\u0119 czosnek i po umieszczeniu w mo\u017adzierzu utrze\u0107.<br \/>\n2. Do masy ucieranej w mo\u017adzierzu dodawa\u0107 po trochu starty ser, nast\u0119pnie rozdrobnione orzechy i mas\u0142o. Utrze\u0107 wszystko razem.<br \/>\n3. Do masy, mieszaj\u0105c, dodawa\u0107 po trochu oliw\u0119 do momentu , a\u017c sos nabierze do\u015b\u0107 rzadkiej konsystencji.<br \/>\n4. W du\u017cej ilo\u015bci wody ugotowa\u0107 makaron al dente, odcedzi\u0107 i gor\u0105cy wymiesza\u0107 z sosem. Podawa\u0107 od razu. <\/p>\n","protected":false},"excerpt":{"rendered":"<p>Niepe\u0142na paczka szerokiego makaronu (tagliatelle), 5 z\u0105bk\u00f3w czosnku, gar\u015b\u0107 listk\u00f3w bazylii, 4 \u0142y\u017cki zmielonych orzech\u00f3w w\u0142oskich, 10 dag owczego ostrego sera (mo\u017ce to by\u0107 pecorino, ale r\u00f3wnie dobry b\u0119dzie sos ze startym oscypkiem), p\u00f3l szklanki dobrej oliwy z oliwek, \u0142y\u017ceczka mas\u0142a, s\u00f3l, \u015bwie\u017co zmielony bia\u0142y pieprz. 1. Li\u015bcie bazylii posieka\u0107, doda\u0107 przeci\u015bni\u0119ty przez prask\u0119 czosnek [&hellip;]<\/p>\n","protected":false},"author":2,"featured_media":0,"comment_status":"open","ping_status":"open","sticky":false,"template":"","format":"standard","meta":{"footnotes":""},"categories":[1],"tags":[],"_links":{"self":[{"href":"https:\/\/blog.polityka.pl\/adamczewski\/wp-json\/wp\/v2\/posts\/10710"}],"collection":[{"href":"https:\/\/blog.polityka.pl\/adamczewski\/wp-json\/wp\/v2\/posts"}],"about":[{"href":"https:\/\/blog.polityka.pl\/adamczewski\/wp-json\/wp\/v2\/types\/post"}],"author":[{"embeddable":true,"href":"https:\/\/blog.polityka.pl\/adamczewski\/wp-json\/wp\/v2\/users\/2"}],"replies":[{"embeddable":true,"href":"https:\/\/blog.polityka.pl\/adamczewski\/wp-json\/wp\/v2\/comments?post=10710"}],"version-history":[{"count":0,"href":"https:\/\/blog.polityka.pl\/adamczewski\/wp-json\/wp\/v2\/posts\/10710\/revisions"}],"wp:attachment":[{"href":"https:\/\/blog.polityka.pl\/adamczewski\/wp-json\/wp\/v2\/media?parent=10710"}],"wp:term":[{"taxonomy":"category","embeddable":true,"href":"https:\/\/blog.polityka.pl\/adamczewski\/wp-json\/wp\/v2\/categories?post=10710"},{"taxonomy":"post_tag","embeddable":true,"href":"https:\/\/blog.polityka.pl\/adamczewski\/wp-json\/wp\/v2\/tags?post=10710"}],"curies":[{"name":"wp","href":"https:\/\/api.w.org\/{rel}","templated":true}]}}